{"id":4601,"date":"2016-11-16T09:52:57","date_gmt":"2016-11-16T12:52:57","guid":{"rendered":"http:\/\/actualidadadiario.com\/site\/?p=4601"},"modified":"2016-11-16T09:52:57","modified_gmt":"2016-11-16T12:52:57","slug":"barack-obama-alerto-que-hay-que-cuidarse-del-aumento-de-un-nacionalismo-vulgar-o-etnico","status":"publish","type":"post","link":"https:\/\/www.actualidadadiario.com\/index.php\/2016\/11\/16\/barack-obama-alerto-que-hay-que-cuidarse-del-aumento-de-un-nacionalismo-vulgar-o-etnico\/","title":{"rendered":"Barack Obama alert\u00f3 que hay que cuidarse del &#8220;aumento de un nacionalismo vulgar o \u00e9tnico\u201d"},"content":{"rendered":"<p><em><strong>En su \u00faltima gira presidencial, Obama hizo referencia a la \u00faltima campa\u00f1a pol\u00edtica del republicano Donald Trump<\/strong><\/em><\/p>\n<p>&nbsp;<\/p>\n<p>&nbsp;<\/p>\n<p>&nbsp;<\/p>\n<p>Con un discurso pol\u00edticamente correcto en su llegada a Atenas, Barack Obama no mencion\u00f3 a Donald Trump pero marc\u00f3 la necesidad de estar atentos al &#8220;aumento de un nacionalismo vulgar o \u00e9tnico\u201d.<\/p>\n<p>&nbsp;<\/p>\n<p>\u201cY nunca pedir\u00e9 perd\u00f3n por decir que el futuro de la humanidad y el futuro del mundo se definir\u00e1n por lo que tenemos en com\u00fan, en oposici\u00f3n a las cosas que nos separan y, finalmente, nos abocan al conflicto\u201d, plante\u00f3 Obama que- como gran parte del mundo- no imaginaba que el magnate republicano ser\u00eda su sucesor.<\/p>\n<p>&nbsp;<\/p>\n<p>Adem\u00e1s se\u00f1al\u00f3: \u201cNo realizamos nuestro potencial como pa\u00eds cuando impedimos a los negros, latinos, asi\u00e1ticos, gays o mujeres que participen plenamente en el proyecto de construir la vida americana\u201d.<\/p>\n<p>&nbsp;<\/p>\n<p>Luego se refiri\u00f3 a la realidad del viejo continente y remarc\u00f3: \u201cSabemos lo que ocurre cuando los europeos empiezan a dividirse y a enfatizar sus diferencias y competir entre ellos a la manera de una suma cero. El siglo XX fue un ba\u00f1o de sangre. Y, pese a todas las frustraciones y fracasos del proyecto para unificar Europa, las \u00faltimas cinco d\u00e9cadas han sido un periodo de paz, prosperidad y crecimiento sin precedentes\u201d.<\/p>\n<p>&nbsp;<\/p>\n<p>El mandatario estadounidense fue recibido con honores militares, por el ministro de Defensa griego y mantendr\u00e1 varias reuniones en Atenas durante 48 horas. M\u00e1s tarde, en Alemania, se encontrar\u00e1 con Merkel y en Per\u00fa participar\u00e1 de la cumbre del APEC (Cooperaci\u00f3n Econ\u00f3mica Asia-Pac\u00edfico).<\/p>\n","protected":false},"excerpt":{"rendered":"<p>En su \u00faltima gira presidencial, Obama hizo referencia a la \u00faltima campa\u00f1a pol\u00edtica del republicano Donald Trump &nbsp; &nbsp; &nbsp; Con un discurso pol\u00edticamente correcto en su llegada a Atenas, Barack Obama no mencion\u00f3 a Donald Trump pero marc\u00f3 la necesidad de estar atentos al &#8220;aumento de un nacionalismo vulgar o \u00e9tnico\u201d. &nbsp; \u201cY nunca pedir\u00e9 perd\u00f3n por decir que el futuro de la humanidad y el futuro del mundo se definir\u00e1n por lo que tenemos en com\u00fan, en oposici\u00f3n a las cosas que nos separan y, finalmente, nos abocan&#8230;<\/p>\n","protected":false},"author":3,"featured_media":4602,"comment_status":"closed","ping_status":"closed","sticky":false,"template":"","format":"standard","meta":[],"categories":[4],"tags":[],"_links":{"self":[{"href":"https:\/\/www.actualidadadiario.com\/index.php\/wp-json\/wp\/v2\/posts\/4601"}],"collection":[{"href":"https:\/\/www.actualidadadiario.com\/index.php\/wp-json\/wp\/v2\/posts"}],"about":[{"href":"https:\/\/www.actualidadadiario.com\/index.php\/wp-json\/wp\/v2\/types\/post"}],"author":[{"embeddable":true,"href":"https:\/\/www.actualidadadiario.com\/index.php\/wp-json\/wp\/v2\/users\/3"}],"replies":[{"embeddable":true,"href":"https:\/\/www.actualidadadiario.com\/index.php\/wp-json\/wp\/v2\/comments?post=4601"}],"version-history":[{"count":1,"href":"https:\/\/www.actualidadadiario.com\/index.php\/wp-json\/wp\/v2\/posts\/4601\/revisions"}],"predecessor-version":[{"id":4603,"href":"https:\/\/www.actualidadadiario.com\/index.php\/wp-json\/wp\/v2\/posts\/4601\/revisions\/4603"}],"wp:featuredmedia":[{"embeddable":true,"href":"https:\/\/www.actualidadadiario.com\/index.php\/wp-json\/wp\/v2\/media\/4602"}],"wp:attachment":[{"href":"https:\/\/www.actualidadadiario.com\/index.php\/wp-json\/wp\/v2\/media?parent=4601"}],"wp:term":[{"taxonomy":"category","embeddable":true,"href":"https:\/\/www.actualidadadiario.com\/index.php\/wp-json\/wp\/v2\/categories?post=4601"},{"taxonomy":"post_tag","embeddable":true,"href":"https:\/\/www.actualidadadiario.com\/index.php\/wp-json\/wp\/v2\/tags?post=4601"}],"curies":[{"name":"wp","href":"https:\/\/api.w.org\/{rel}","templated":true}]}}