{"id":4598,"date":"2016-11-16T09:52:03","date_gmt":"2016-11-16T12:52:03","guid":{"rendered":"http:\/\/actualidadadiario.com\/site\/?p=4598"},"modified":"2016-11-16T09:52:03","modified_gmt":"2016-11-16T12:52:03","slug":"el-ku-klux-klan-organiza-un-desfile-para-celebrar-la-victoria-de-donald-trump","status":"publish","type":"post","link":"https:\/\/www.actualidadadiario.com\/index.php\/2016\/11\/16\/el-ku-klux-klan-organiza-un-desfile-para-celebrar-la-victoria-de-donald-trump\/","title":{"rendered":"El Ku Klux Klan organiza un desfile para celebrar la victoria de Donald Trump"},"content":{"rendered":"<p><em><strong>&#8220;La raza de Trump uni\u00f3 a mi gente&#8221;, dice la convocatoria que espera realizarse el pr\u00f3ximo 3 de diciembre en Carolina del Norte<\/strong><\/em><\/p>\n<p>&nbsp;<\/p>\n<p>&nbsp;<\/p>\n<p>&nbsp;<\/p>\n<p>&nbsp;<\/p>\n<p>De acuerdo con el diario The News &amp; Observer, de Carolina del Norte, los Leales Caballeros Blancos del KKK planean celebrar la llegada del republicano Donald Trump al poder. Convocaron a una marcha el pr\u00f3ximo 3 de diciembre aunque todav\u00eda no anunciaron el lugar exacto.<\/p>\n<p>&nbsp;<\/p>\n<p>En su web\u00a0 aseguran que no son un &#8220;grupo de odio&#8221;, sino que &#8220;odian algunas cosas que ciertos grupos hacen a nuestra raza y nuestra naci\u00f3n&#8221;. Y agregan: &#8220;Nuestro objetivo es devolver Am\u00e9rica a la naci\u00f3n cristiana blanca. Esto no significa que queremos que nada malo suceda a las razas m\u00e1s oscuras. Simplemente queremos vivir separados de ellos&#8221;.<\/p>\n<p>&nbsp;<\/p>\n<p>Durante las primarias, en agosto, el supremacista blanco y ex l\u00edder nacional del KKK David Duke llam\u00f3 a votar por Trump y se\u00f1al\u00f3: &#8220;Si no detenemos la inmigraci\u00f3n masiva ahora, ellos ser\u00e1n m\u00e1s que nosotros en nuestra propia naci\u00f3n. Est\u00e1 sucediendo&#8221;.<\/p>\n<p>&nbsp;<\/p>\n<p>El KKK naci\u00f3 tras la Guerra de Secesi\u00f3n, cuando se aboli\u00f3 la esclavitud, y marc\u00f3 la historia estadounidense con sus frecuentes linchamientos a los negros del sur.<\/p>\n","protected":false},"excerpt":{"rendered":"<p>&#8220;La raza de Trump uni\u00f3 a mi gente&#8221;, dice la convocatoria que espera realizarse el pr\u00f3ximo 3 de diciembre en Carolina del Norte &nbsp; &nbsp; &nbsp; &nbsp; De acuerdo con el diario The News &amp; Observer, de Carolina del Norte, los Leales Caballeros Blancos del KKK planean celebrar la llegada del republicano Donald Trump al poder. Convocaron a una marcha el pr\u00f3ximo 3 de diciembre aunque todav\u00eda no anunciaron el lugar exacto. &nbsp; En su web\u00a0 aseguran que no son un &#8220;grupo de odio&#8221;, sino que &#8220;odian algunas cosas que&#8230;<\/p>\n","protected":false},"author":3,"featured_media":4599,"comment_status":"closed","ping_status":"closed","sticky":false,"template":"","format":"standard","meta":[],"categories":[4],"tags":[],"_links":{"self":[{"href":"https:\/\/www.actualidadadiario.com\/index.php\/wp-json\/wp\/v2\/posts\/4598"}],"collection":[{"href":"https:\/\/www.actualidadadiario.com\/index.php\/wp-json\/wp\/v2\/posts"}],"about":[{"href":"https:\/\/www.actualidadadiario.com\/index.php\/wp-json\/wp\/v2\/types\/post"}],"author":[{"embeddable":true,"href":"https:\/\/www.actualidadadiario.com\/index.php\/wp-json\/wp\/v2\/users\/3"}],"replies":[{"embeddable":true,"href":"https:\/\/www.actualidadadiario.com\/index.php\/wp-json\/wp\/v2\/comments?post=4598"}],"version-history":[{"count":1,"href":"https:\/\/www.actualidadadiario.com\/index.php\/wp-json\/wp\/v2\/posts\/4598\/revisions"}],"predecessor-version":[{"id":4600,"href":"https:\/\/www.actualidadadiario.com\/index.php\/wp-json\/wp\/v2\/posts\/4598\/revisions\/4600"}],"wp:featuredmedia":[{"embeddable":true,"href":"https:\/\/www.actualidadadiario.com\/index.php\/wp-json\/wp\/v2\/media\/4599"}],"wp:attachment":[{"href":"https:\/\/www.actualidadadiario.com\/index.php\/wp-json\/wp\/v2\/media?parent=4598"}],"wp:term":[{"taxonomy":"category","embeddable":true,"href":"https:\/\/www.actualidadadiario.com\/index.php\/wp-json\/wp\/v2\/categories?post=4598"},{"taxonomy":"post_tag","embeddable":true,"href":"https:\/\/www.actualidadadiario.com\/index.php\/wp-json\/wp\/v2\/tags?post=4598"}],"curies":[{"name":"wp","href":"https:\/\/api.w.org\/{rel}","templated":true}]}}