{"id":4595,"date":"2016-11-16T09:50:58","date_gmt":"2016-11-16T12:50:58","guid":{"rendered":"http:\/\/actualidadadiario.com\/site\/?p=4595"},"modified":"2016-11-16T09:50:58","modified_gmt":"2016-11-16T12:50:58","slug":"la-absurda-respuesta-de-pena-a-lavagna-este-ano-cayo-la-inflacion","status":"publish","type":"post","link":"https:\/\/www.actualidadadiario.com\/index.php\/2016\/11\/16\/la-absurda-respuesta-de-pena-a-lavagna-este-ano-cayo-la-inflacion\/","title":{"rendered":"La absurda respuesta de Pe\u00f1a a Lavagna: &#8220;Este a\u00f1o cay\u00f3 la inflaci\u00f3n&#8230;&#8221;"},"content":{"rendered":"<p><em><strong>Para el jefe de Gabinete del macrismo, estamos en un primer a\u00f1o de gobierno maravilloso: &#8220;Este a\u00f1o fue in\u00e9dito en materia de estabilizaci\u00f3n y hubo ca\u00edda de la inflaci\u00f3n&#8221;, dijo<\/strong><\/em><\/p>\n<p>&nbsp;<\/p>\n<p>&nbsp;<\/p>\n<p>&nbsp;<\/p>\n<p>&nbsp;<\/p>\n<p>&nbsp;<\/p>\n<p>El lunes \u00faltimo, Roberto Lavagna cuestion\u00f3 duramente la gesti\u00f3n del Gobierno al advertir que &#8220;ya hemos tenido este tipo de modelo, con los militares y en los a\u00f1os 90&#8221; y opinando que el plan econ\u00f3mico del macrismo &#8220;no dar\u00e1 resultado&#8221;.<\/p>\n<p>&nbsp;<\/p>\n<p>Fue el jefe de Gabinete Marcos Pe\u00f1a quien sali\u00f3 a responder al ex ministro de Econom\u00eda, pero por el absurdo (o, al menos, con postulados absurdos), al se\u00f1alar que la Argentina est\u00e1 &#8220;en una situaci\u00f3n mucho mejor que antes&#8221;, en alusi\u00f3n al per\u00edodo en el cual gobern\u00f3 el kirchnerismo. &#8220;Hace un a\u00f1o hab\u00eda m\u00faltiples tipos de cambio, cepo cambiario, el miedo de que si sal\u00edamos del cepo estallaba la Argentina&#8221;.<\/p>\n<p>&nbsp;<\/p>\n<p>&#8220;(Ante) algunas cosas que escuch\u00e9 que dijo Lavagna respecto del tipo de cambio, este es el primer plan de estabilizaci\u00f3n que se hace con tipo de cambio flotante; ayer ha habido movimiento, no nos asustamos, no se vino una crisis y hemos podido sacar la idea de que el movimiento del d\u00f3lar sea motivo de crisis&#8221;, a\u00f1adi\u00f3 el funcionario.<\/p>\n<p>&nbsp;<\/p>\n<p>Pero donde el absurdo alcanz\u00f3 el paroxismo es cuando Pe\u00f1a se refiri\u00f3 a este primer a\u00f1o de gobierno de Mauricio Macri: &#8220;Este a\u00f1o fue in\u00e9dito en materia de estabilizaci\u00f3n, hubo ca\u00edda de la inflaci\u00f3n&#8221;, afirm\u00f3 sin ruborizarse.<\/p>\n<p>&nbsp;<\/p>\n<p>Adem\u00e1s, y en alusi\u00f3n a la promesa de Macri \u2013porque hasta ahora y por lo que se ve es solo una promesa\u2013 de inaugurar una obra p\u00fablica por d\u00eda, dijo: &#8220;Se ve una recuperaci\u00f3n de la obra p\u00fablica que va tomando velocidad&#8221;, a\u00f1adiendo que &#8220;hoy no estamos en una situaci\u00f3n de gran crisis, estamos trabajando y el a\u00f1o pr\u00f3ximo ser\u00e1 de crecimiento&#8221;.<\/p>\n","protected":false},"excerpt":{"rendered":"<p>Para el jefe de Gabinete del macrismo, estamos en un primer a\u00f1o de gobierno maravilloso: &#8220;Este a\u00f1o fue in\u00e9dito en materia de estabilizaci\u00f3n y hubo ca\u00edda de la inflaci\u00f3n&#8221;, dijo &nbsp; &nbsp; &nbsp; &nbsp; &nbsp; El lunes \u00faltimo, Roberto Lavagna cuestion\u00f3 duramente la gesti\u00f3n del Gobierno al advertir que &#8220;ya hemos tenido este tipo de modelo, con los militares y en los a\u00f1os 90&#8221; y opinando que el plan econ\u00f3mico del macrismo &#8220;no dar\u00e1 resultado&#8221;. &nbsp; Fue el jefe de Gabinete Marcos Pe\u00f1a quien sali\u00f3 a responder al ex ministro&#8230;<\/p>\n","protected":false},"author":3,"featured_media":4596,"comment_status":"closed","ping_status":"closed","sticky":false,"template":"","format":"standard","meta":[],"categories":[18],"tags":[],"_links":{"self":[{"href":"https:\/\/www.actualidadadiario.com\/index.php\/wp-json\/wp\/v2\/posts\/4595"}],"collection":[{"href":"https:\/\/www.actualidadadiario.com\/index.php\/wp-json\/wp\/v2\/posts"}],"about":[{"href":"https:\/\/www.actualidadadiario.com\/index.php\/wp-json\/wp\/v2\/types\/post"}],"author":[{"embeddable":true,"href":"https:\/\/www.actualidadadiario.com\/index.php\/wp-json\/wp\/v2\/users\/3"}],"replies":[{"embeddable":true,"href":"https:\/\/www.actualidadadiario.com\/index.php\/wp-json\/wp\/v2\/comments?post=4595"}],"version-history":[{"count":1,"href":"https:\/\/www.actualidadadiario.com\/index.php\/wp-json\/wp\/v2\/posts\/4595\/revisions"}],"predecessor-version":[{"id":4597,"href":"https:\/\/www.actualidadadiario.com\/index.php\/wp-json\/wp\/v2\/posts\/4595\/revisions\/4597"}],"wp:featuredmedia":[{"embeddable":true,"href":"https:\/\/www.actualidadadiario.com\/index.php\/wp-json\/wp\/v2\/media\/4596"}],"wp:attachment":[{"href":"https:\/\/www.actualidadadiario.com\/index.php\/wp-json\/wp\/v2\/media?parent=4595"}],"wp:term":[{"taxonomy":"category","embeddable":true,"href":"https:\/\/www.actualidadadiario.com\/index.php\/wp-json\/wp\/v2\/categories?post=4595"},{"taxonomy":"post_tag","embeddable":true,"href":"https:\/\/www.actualidadadiario.com\/index.php\/wp-json\/wp\/v2\/tags?post=4595"}],"curies":[{"name":"wp","href":"https:\/\/api.w.org\/{rel}","templated":true}]}}