{"id":4592,"date":"2016-11-16T09:50:05","date_gmt":"2016-11-16T12:50:05","guid":{"rendered":"http:\/\/actualidadadiario.com\/site\/?p=4592"},"modified":"2016-11-16T09:50:05","modified_gmt":"2016-11-16T12:50:05","slug":"sigue-cayendo-la-demanda-laboral-en-cordoba","status":"publish","type":"post","link":"https:\/\/www.actualidadadiario.com\/index.php\/2016\/11\/16\/sigue-cayendo-la-demanda-laboral-en-cordoba\/","title":{"rendered":"Sigue cayendo la demanda laboral en C\u00f3rdoba"},"content":{"rendered":"<p><em><strong>As\u00ed lo inform\u00f3 el Consejo Profesional de Ciencias Econ\u00f3micas de esa provincia, precisando que el \u00cdndice de Demanda Laboral (IDL) cay\u00f3 2,4 por ciento en octubre<\/strong><\/em><\/p>\n<p>&nbsp;<\/p>\n<p>&nbsp;<\/p>\n<p>&nbsp;<\/p>\n<p>&nbsp;<\/p>\n<p>&nbsp;<\/p>\n<p>En C\u00f3rdoba, el \u00cdndice de Demanda Laboral (IDL) cay\u00f3 2,4 por ciento en octubre en t\u00e9rminos desestacionalizados, seg\u00fan el indicador elaborado por el Consejo Profesional de Ciencias Econ\u00f3micas (CPCE) de esa provincia.<\/p>\n<p>&nbsp;<\/p>\n<p>As\u00ed, la demanda laboral en territorio mediterr\u00e1neo volvi\u00f3 al terreno negativo luego de un leve incremento en septiembre.<\/p>\n<p>&nbsp;<\/p>\n<p>En comparaci\u00f3n con octubre de 2015, la demanda baj\u00f3 31,3 por ciento, mientras que en el acumulado de los primeros diez meses del corriente a\u00f1o baj\u00f3 25,4 por ciento comparado con el lapso enero-octubre del a\u00f1o pasado.<\/p>\n<p>&nbsp;<\/p>\n<p>El relevamiento muestra una baja en los pedidos de empleo calificado (57,9 por ciento), pero a su vez un aumento en personal no calificado (60,2 por ciento), siendo los sectores m\u00e1s afectados servicios e industria, que cayeron 15,1 y 7,34 por ciento, respectivamente.<\/p>\n","protected":false},"excerpt":{"rendered":"<p>As\u00ed lo inform\u00f3 el Consejo Profesional de Ciencias Econ\u00f3micas de esa provincia, precisando que el \u00cdndice de Demanda Laboral (IDL) cay\u00f3 2,4 por ciento en octubre &nbsp; &nbsp; &nbsp; &nbsp; &nbsp; En C\u00f3rdoba, el \u00cdndice de Demanda Laboral (IDL) cay\u00f3 2,4 por ciento en octubre en t\u00e9rminos desestacionalizados, seg\u00fan el indicador elaborado por el Consejo Profesional de Ciencias Econ\u00f3micas (CPCE) de esa provincia. &nbsp; As\u00ed, la demanda laboral en territorio mediterr\u00e1neo volvi\u00f3 al terreno negativo luego de un leve incremento en septiembre. &nbsp; En comparaci\u00f3n con octubre de 2015, la&#8230;<\/p>\n","protected":false},"author":3,"featured_media":4593,"comment_status":"closed","ping_status":"closed","sticky":false,"template":"","format":"standard","meta":[],"categories":[2],"tags":[],"_links":{"self":[{"href":"https:\/\/www.actualidadadiario.com\/index.php\/wp-json\/wp\/v2\/posts\/4592"}],"collection":[{"href":"https:\/\/www.actualidadadiario.com\/index.php\/wp-json\/wp\/v2\/posts"}],"about":[{"href":"https:\/\/www.actualidadadiario.com\/index.php\/wp-json\/wp\/v2\/types\/post"}],"author":[{"embeddable":true,"href":"https:\/\/www.actualidadadiario.com\/index.php\/wp-json\/wp\/v2\/users\/3"}],"replies":[{"embeddable":true,"href":"https:\/\/www.actualidadadiario.com\/index.php\/wp-json\/wp\/v2\/comments?post=4592"}],"version-history":[{"count":1,"href":"https:\/\/www.actualidadadiario.com\/index.php\/wp-json\/wp\/v2\/posts\/4592\/revisions"}],"predecessor-version":[{"id":4594,"href":"https:\/\/www.actualidadadiario.com\/index.php\/wp-json\/wp\/v2\/posts\/4592\/revisions\/4594"}],"wp:featuredmedia":[{"embeddable":true,"href":"https:\/\/www.actualidadadiario.com\/index.php\/wp-json\/wp\/v2\/media\/4593"}],"wp:attachment":[{"href":"https:\/\/www.actualidadadiario.com\/index.php\/wp-json\/wp\/v2\/media?parent=4592"}],"wp:term":[{"taxonomy":"category","embeddable":true,"href":"https:\/\/www.actualidadadiario.com\/index.php\/wp-json\/wp\/v2\/categories?post=4592"},{"taxonomy":"post_tag","embeddable":true,"href":"https:\/\/www.actualidadadiario.com\/index.php\/wp-json\/wp\/v2\/tags?post=4592"}],"curies":[{"name":"wp","href":"https:\/\/api.w.org\/{rel}","templated":true}]}}