{"id":4589,"date":"2016-11-16T09:49:13","date_gmt":"2016-11-16T12:49:13","guid":{"rendered":"http:\/\/actualidadadiario.com\/site\/?p=4589"},"modified":"2016-11-16T09:49:13","modified_gmt":"2016-11-16T12:49:13","slug":"el-gobierno-de-macri-destinara-1-200-m-a-un-plan-que-subsidia-despidos","status":"publish","type":"post","link":"https:\/\/www.actualidadadiario.com\/index.php\/2016\/11\/16\/el-gobierno-de-macri-destinara-1-200-m-a-un-plan-que-subsidia-despidos\/","title":{"rendered":"El gobierno de Macri destinar\u00e1 $1.200 M a un plan que subsidia despidos"},"content":{"rendered":"<p><em><strong>El programa se dise\u00f1\u00f3 para reconvertir industrias afectadas por el ingreso de productos desde el exterior a ra\u00edz de la baja de aranceles a los importados<\/strong><\/em><\/p>\n<p>&nbsp;<\/p>\n<p>&nbsp;<\/p>\n<p>&nbsp;<\/p>\n<p>&nbsp;<\/p>\n<p>&nbsp;<\/p>\n<p>El gobierno de Mauricio Macri destinar\u00e1 1.200 millones de pesos por a\u00f1o a la aplicaci\u00f3n de un programa que, entre otros fines, incluir\u00e1 subsidios para las indemnizaciones por los eventuales despidos en sectores industriales en riesgo por la apertura de importaciones.<\/p>\n<p>&nbsp;<\/p>\n<p>El Plan de Transformaci\u00f3n Productiva, presentado por los ministerios de Producci\u00f3n y Trabajo, es el que llevar\u00e1 adelante esta funci\u00f3n, que gener\u00f3 temor entre los industriales por la baja de aranceles, en tanto que la Uni\u00f3n Obrera Metal\u00fargica (UOM) directamente lo rechaz\u00f3.<\/p>\n<p>&nbsp;<\/p>\n<p>Seg\u00fan \u00c1mbito Financiero, el monto previsto para la instrumentaci\u00f3n del plan es similar al presupuesto anual del Programa de Recuperaci\u00f3n Productiva (Repro) que inaugur\u00f3 el Gobierno anterior como desembolso no reintegrable para apuntalar los salarios de los trabajadores de empresas en crisis que hubiesen probado esa condici\u00f3n.<\/p>\n<p>&nbsp;<\/p>\n<p>El programa fue presentado como parte de la Mesa de Di\u00e1logo por la Producci\u00f3n y el Trabajo, en el marco del anuncio de la eliminaci\u00f3n de los aranceles para la importaci\u00f3n de productos inform\u00e1ticos a partir de marzo pr\u00f3ximo. En el sector hab\u00edan advertido que una medida de esas caracter\u00edsticas pondr\u00eda en riesgo unos 15 mil puestos de trabajo entre directos e indirectos s\u00f3lo en la actividad.<\/p>\n<p>&nbsp;<\/p>\n<p>Respecto de los trabajadores de actividades en riesgo potencial el plan tiene dos abordajes: por un lado prev\u00e9 un subsidio para las empresas incluidas en el plan de reconversi\u00f3n y que tengan previsto contratar nuevo personal. Por otro, para los empleados despedidos de industrias que se hubiesen declarado imposibilitadas de encarar una reconversi\u00f3n de sus actividades habr\u00e1 un seguro de desempleo ampliado equivalente por lo menos a un salario m\u00ednimo, que en la actualidad es de 7.560 pesos.<\/p>\n","protected":false},"excerpt":{"rendered":"<p>El programa se dise\u00f1\u00f3 para reconvertir industrias afectadas por el ingreso de productos desde el exterior a ra\u00edz de la baja de aranceles a los importados &nbsp; &nbsp; &nbsp; &nbsp; &nbsp; El gobierno de Mauricio Macri destinar\u00e1 1.200 millones de pesos por a\u00f1o a la aplicaci\u00f3n de un programa que, entre otros fines, incluir\u00e1 subsidios para las indemnizaciones por los eventuales despidos en sectores industriales en riesgo por la apertura de importaciones. &nbsp; El Plan de Transformaci\u00f3n Productiva, presentado por los ministerios de Producci\u00f3n y Trabajo, es el que llevar\u00e1&#8230;<\/p>\n","protected":false},"author":3,"featured_media":4590,"comment_status":"closed","ping_status":"closed","sticky":false,"template":"","format":"standard","meta":[],"categories":[2],"tags":[],"_links":{"self":[{"href":"https:\/\/www.actualidadadiario.com\/index.php\/wp-json\/wp\/v2\/posts\/4589"}],"collection":[{"href":"https:\/\/www.actualidadadiario.com\/index.php\/wp-json\/wp\/v2\/posts"}],"about":[{"href":"https:\/\/www.actualidadadiario.com\/index.php\/wp-json\/wp\/v2\/types\/post"}],"author":[{"embeddable":true,"href":"https:\/\/www.actualidadadiario.com\/index.php\/wp-json\/wp\/v2\/users\/3"}],"replies":[{"embeddable":true,"href":"https:\/\/www.actualidadadiario.com\/index.php\/wp-json\/wp\/v2\/comments?post=4589"}],"version-history":[{"count":1,"href":"https:\/\/www.actualidadadiario.com\/index.php\/wp-json\/wp\/v2\/posts\/4589\/revisions"}],"predecessor-version":[{"id":4591,"href":"https:\/\/www.actualidadadiario.com\/index.php\/wp-json\/wp\/v2\/posts\/4589\/revisions\/4591"}],"wp:featuredmedia":[{"embeddable":true,"href":"https:\/\/www.actualidadadiario.com\/index.php\/wp-json\/wp\/v2\/media\/4590"}],"wp:attachment":[{"href":"https:\/\/www.actualidadadiario.com\/index.php\/wp-json\/wp\/v2\/media?parent=4589"}],"wp:term":[{"taxonomy":"category","embeddable":true,"href":"https:\/\/www.actualidadadiario.com\/index.php\/wp-json\/wp\/v2\/categories?post=4589"},{"taxonomy":"post_tag","embeddable":true,"href":"https:\/\/www.actualidadadiario.com\/index.php\/wp-json\/wp\/v2\/tags?post=4589"}],"curies":[{"name":"wp","href":"https:\/\/api.w.org\/{rel}","templated":true}]}}