{"id":4580,"date":"2016-11-16T09:46:25","date_gmt":"2016-11-16T12:46:25","guid":{"rendered":"http:\/\/actualidadadiario.com\/site\/?p=4580"},"modified":"2016-11-16T09:46:25","modified_gmt":"2016-11-16T12:46:25","slug":"aseguran-que-la-variacion-anual-del-precio-de-los-alimentos-en-el-conurbano-sur-fue-del-85","status":"publish","type":"post","link":"https:\/\/www.actualidadadiario.com\/index.php\/2016\/11\/16\/aseguran-que-la-variacion-anual-del-precio-de-los-alimentos-en-el-conurbano-sur-fue-del-85\/","title":{"rendered":"Aseguran que la variaci\u00f3n anual del precio de los alimentos en el conurbano sur fue del 85%"},"content":{"rendered":"<p><em><strong>El director de la Investigaci\u00f3n sobre la Canasta Nutricional en Quilmes, Berazategui y Florencio Varela, Esteban Secondi, se refiri\u00f3 a la crisis econ\u00f3mica que atraviesa el pa\u00eds y en ese contexto, asegur\u00f3 que la variaci\u00f3n anual del precio de los alimentos en el conurbano sur fue del 85%<\/strong><\/em><\/p>\n<p>&nbsp;<\/p>\n<p>&nbsp;<\/p>\n<p>&nbsp;<\/p>\n<p>&nbsp;<\/p>\n<p>&nbsp;<\/p>\n<p>En declaraciones al programa &#8220;Ma\u00f1ana Sylvestre&#8221; que se emite por Radio 10, Secondi se\u00f1al\u00f3 que &#8220;las familias perdieron capacidad de compra&#8221; al tiempo que consider\u00f3 que el problema no es la inflaci\u00f3n sino la p\u00e9rdida del poder adquisitivo del salario.<\/p>\n<p>&nbsp;<\/p>\n<p>Asimismo, dijo que &#8220;la carne aument\u00f3 un 173% en un a\u00f1o&#8221; y agreg\u00f3 que &#8220;los hidratos de carbono llenan la panza pero no alimentan&#8221;.<\/p>\n<p>&nbsp;<\/p>\n<p>En tanto, Secondi, integrante del directorio de la Universidad Arturo Jauretche, resalt\u00f3 la crisis que se vive en los colegios por el problema alimenticio ante la demanda de comida.<\/p>\n<p>&nbsp;<\/p>\n<p>&#8220;Con $ 12 por chico no se puede hacer magia en los comedores escolares de la Provincia. Cada chico deber\u00eda contar con $ 50&#8221;, indic\u00f3 y manifest\u00f3 su descontento por esa carencia, en un pa\u00eds que &#8220;produce alimentos para 400 millones de personas&#8221;.<\/p>\n","protected":false},"excerpt":{"rendered":"<p>El director de la Investigaci\u00f3n sobre la Canasta Nutricional en Quilmes, Berazategui y Florencio Varela, Esteban Secondi, se refiri\u00f3 a la crisis econ\u00f3mica que atraviesa el pa\u00eds y en ese contexto, asegur\u00f3 que la variaci\u00f3n anual del precio de los alimentos en el conurbano sur fue del 85% &nbsp; &nbsp; &nbsp; &nbsp; &nbsp; En declaraciones al programa &#8220;Ma\u00f1ana Sylvestre&#8221; que se emite por Radio 10, Secondi se\u00f1al\u00f3 que &#8220;las familias perdieron capacidad de compra&#8221; al tiempo que consider\u00f3 que el problema no es la inflaci\u00f3n sino la p\u00e9rdida del poder&#8230;<\/p>\n","protected":false},"author":3,"featured_media":4581,"comment_status":"closed","ping_status":"closed","sticky":false,"template":"","format":"standard","meta":[],"categories":[9],"tags":[],"_links":{"self":[{"href":"https:\/\/www.actualidadadiario.com\/index.php\/wp-json\/wp\/v2\/posts\/4580"}],"collection":[{"href":"https:\/\/www.actualidadadiario.com\/index.php\/wp-json\/wp\/v2\/posts"}],"about":[{"href":"https:\/\/www.actualidadadiario.com\/index.php\/wp-json\/wp\/v2\/types\/post"}],"author":[{"embeddable":true,"href":"https:\/\/www.actualidadadiario.com\/index.php\/wp-json\/wp\/v2\/users\/3"}],"replies":[{"embeddable":true,"href":"https:\/\/www.actualidadadiario.com\/index.php\/wp-json\/wp\/v2\/comments?post=4580"}],"version-history":[{"count":1,"href":"https:\/\/www.actualidadadiario.com\/index.php\/wp-json\/wp\/v2\/posts\/4580\/revisions"}],"predecessor-version":[{"id":4582,"href":"https:\/\/www.actualidadadiario.com\/index.php\/wp-json\/wp\/v2\/posts\/4580\/revisions\/4582"}],"wp:featuredmedia":[{"embeddable":true,"href":"https:\/\/www.actualidadadiario.com\/index.php\/wp-json\/wp\/v2\/media\/4581"}],"wp:attachment":[{"href":"https:\/\/www.actualidadadiario.com\/index.php\/wp-json\/wp\/v2\/media?parent=4580"}],"wp:term":[{"taxonomy":"category","embeddable":true,"href":"https:\/\/www.actualidadadiario.com\/index.php\/wp-json\/wp\/v2\/categories?post=4580"},{"taxonomy":"post_tag","embeddable":true,"href":"https:\/\/www.actualidadadiario.com\/index.php\/wp-json\/wp\/v2\/tags?post=4580"}],"curies":[{"name":"wp","href":"https:\/\/api.w.org\/{rel}","templated":true}]}}