{"id":4574,"date":"2016-11-16T09:44:27","date_gmt":"2016-11-16T12:44:27","guid":{"rendered":"http:\/\/actualidadadiario.com\/site\/?p=4574"},"modified":"2016-11-16T09:44:27","modified_gmt":"2016-11-16T12:44:27","slug":"crece-la-polemica-por-el-perdon-de-deudas-a-empresas-electricas","status":"publish","type":"post","link":"https:\/\/www.actualidadadiario.com\/index.php\/2016\/11\/16\/crece-la-polemica-por-el-perdon-de-deudas-a-empresas-electricas\/","title":{"rendered":"Crece la pol\u00e9mica por el perd\u00f3n de deudas a empresas el\u00e9ctricas"},"content":{"rendered":"<p><em><strong>Frigerio lo justific\u00f3 en la necesidad de avanzar con la tarifa social. El gobernador de Chaco convoc\u00f3 a reuni\u00f3n de mandatarios con senadores para asegurar votos. Misiones pidi\u00f3 compensaci\u00f3n porque pag\u00f3<\/strong><\/em><\/p>\n<p>&nbsp;<\/p>\n<p>&nbsp;<\/p>\n<p>&nbsp;<\/p>\n<p>&nbsp;<\/p>\n<p>&nbsp;<\/p>\n<p>&nbsp;<\/p>\n<p>El ministro del Interior, Rogelio Frigerio, justific\u00f3 ayer que se incluya en la ley de presupuesto de 2017, la condonaci\u00f3n de una deuda por $19.000 millones (a niveles de octubre), que beneficia a distribuidoras el\u00e9ctricas. El funcionario dijo en la Comisi\u00f3n de Presupuesto de Senadores que aunque la deuda de esas empresas con Cammesa por el precio mayorista de la energ\u00eda no es un tema de su \u00e1rea, se trata de una cuesti\u00f3n &#8220;importante&#8221; porque &#8220;es una restricci\u00f3n para avanzar con la tarifa social que para nosotros es una prioridad&#8221;.<\/p>\n<p>&nbsp;<\/p>\n<p>En apariencia, la afirmaci\u00f3n de Frigerio se refiere a las limitaciones impuestas por el propio Gobierno en la Resoluci\u00f3n 6 del Ministerio de Energ\u00eda de fines de enero. Por esa norma, el acceso a los bloques de electricidad mayorista que tienen precio m\u00e1s bajo porque se destinan a la tarifa social y al plan de incentivar el ahorro &#8220;estar\u00e1 condicionado al cumplimiento de las obligaciones de pago en el mercado mayorista exigibles desde la entrada en vigencia de esta resoluci\u00f3n&#8221;.<\/p>\n<p>&nbsp;<\/p>\n<p>Esto significar\u00eda que la administraci\u00f3n nacional condicion\u00f3 la tarifa social al pago en t\u00e9rmino de la energ\u00eda a Cammesa, y como varias de las distribuidoras siguieron acumulando deuda, ahora se decidi\u00f3 perdon\u00e1rselas para no limitar la tarifa diferencial. Como consecuencia, se pretende modificar una resoluci\u00f3n ministerial con la ley de presupuesto para el pr\u00f3ximo a\u00f1o.<\/p>\n<p>&nbsp;<\/p>\n<p>La principal beneficiaria de la medida, que todav\u00eda debe ser aprobada en el Senado, es EPEC, de C\u00f3rdoba, que acumula un impago de m\u00e1s de $5.400 millones. Pero la ventaja incluye a otras distribuidoras provinciales tanto p\u00fablicas como privadas y a EDENOR y EDESUR.<\/p>\n<p>&nbsp;<\/p>\n<p>Desde que se difundi\u00f3 la noticia, se acumulan las cr\u00edticas por la iniciativa y los pedidos al Senado para que no la apruebe. Los diputados del bloque de Misiones votaron en contra en la sesi\u00f3n, y en ese mismo momento pidieron una compensaci\u00f3n porque la provincia est\u00e1 al d\u00eda con los pagos. Ayer el ex gobernador Maurice Closs dio la nota al afirmar que se siente &#8220;un gil por haber pagado 8 a\u00f1os a Cammesa&#8221;. Sostuvo que &#8220;Misiones paga la luz que consume con un enorme esfuerzo de todos. Cuesta digerir que se premie a los que no pagaron sin reconocer a cumplidores. M\u00e1s a\u00fan cuando ese regalo puede beneficiar a las m\u00e1s grandes empresas energ\u00e9ticas privadas de las zonas m\u00e1s grandes del pa\u00eds&#8221;.<\/p>\n<p>&nbsp;<\/p>\n<p>En sentido opuesto, el gobernador de Chaco, Domingo Peppo, propicia una reuni\u00f3n de mandatarios provinciales con senadores en el anexo de la C\u00e1mara alta el jueves 24, cuando el debate en comisiones ya est\u00e9 avanzado y el proyecto de ley est\u00e9 casi listo para llegar al recinto. Seg\u00fan Peppo, participar\u00e1n el cordob\u00e9s Juan Schiaretti, el mendocino Alfredo Cornejo y el correntino Ricardo Colombi, y representantes de Mar\u00eda Eugenia Vidal.<\/p>\n<p>&nbsp;<\/p>\n<p>Entre las deudoras de Cammesa est\u00e1n, adem\u00e1s de EPEC, EDENOR por $1.229 millones, EDESUR por $429 millones, EDELAP por $1.798 millones, Secheep por $1.035 millones, la correntina DPEC por $1.383 millones, la mendocina EDEMSA por $1.339 millones y EPE, de Santa Fe, por $1.282 millones.<\/p>\n","protected":false},"excerpt":{"rendered":"<p>Frigerio lo justific\u00f3 en la necesidad de avanzar con la tarifa social. El gobernador de Chaco convoc\u00f3 a reuni\u00f3n de mandatarios con senadores para asegurar votos. Misiones pidi\u00f3 compensaci\u00f3n porque pag\u00f3 &nbsp; &nbsp; &nbsp; &nbsp; &nbsp; &nbsp; El ministro del Interior, Rogelio Frigerio, justific\u00f3 ayer que se incluya en la ley de presupuesto de 2017, la condonaci\u00f3n de una deuda por $19.000 millones (a niveles de octubre), que beneficia a distribuidoras el\u00e9ctricas. El funcionario dijo en la Comisi\u00f3n de Presupuesto de Senadores que aunque la deuda de esas empresas con&#8230;<\/p>\n","protected":false},"author":3,"featured_media":4575,"comment_status":"closed","ping_status":"closed","sticky":false,"template":"","format":"standard","meta":[],"categories":[2],"tags":[],"_links":{"self":[{"href":"https:\/\/www.actualidadadiario.com\/index.php\/wp-json\/wp\/v2\/posts\/4574"}],"collection":[{"href":"https:\/\/www.actualidadadiario.com\/index.php\/wp-json\/wp\/v2\/posts"}],"about":[{"href":"https:\/\/www.actualidadadiario.com\/index.php\/wp-json\/wp\/v2\/types\/post"}],"author":[{"embeddable":true,"href":"https:\/\/www.actualidadadiario.com\/index.php\/wp-json\/wp\/v2\/users\/3"}],"replies":[{"embeddable":true,"href":"https:\/\/www.actualidadadiario.com\/index.php\/wp-json\/wp\/v2\/comments?post=4574"}],"version-history":[{"count":1,"href":"https:\/\/www.actualidadadiario.com\/index.php\/wp-json\/wp\/v2\/posts\/4574\/revisions"}],"predecessor-version":[{"id":4576,"href":"https:\/\/www.actualidadadiario.com\/index.php\/wp-json\/wp\/v2\/posts\/4574\/revisions\/4576"}],"wp:featuredmedia":[{"embeddable":true,"href":"https:\/\/www.actualidadadiario.com\/index.php\/wp-json\/wp\/v2\/media\/4575"}],"wp:attachment":[{"href":"https:\/\/www.actualidadadiario.com\/index.php\/wp-json\/wp\/v2\/media?parent=4574"}],"wp:term":[{"taxonomy":"category","embeddable":true,"href":"https:\/\/www.actualidadadiario.com\/index.php\/wp-json\/wp\/v2\/categories?post=4574"},{"taxonomy":"post_tag","embeddable":true,"href":"https:\/\/www.actualidadadiario.com\/index.php\/wp-json\/wp\/v2\/tags?post=4574"}],"curies":[{"name":"wp","href":"https:\/\/api.w.org\/{rel}","templated":true}]}}