{"id":4571,"date":"2016-11-16T09:43:28","date_gmt":"2016-11-16T12:43:28","guid":{"rendered":"http:\/\/actualidadadiario.com\/site\/?p=4571"},"modified":"2016-11-16T09:43:28","modified_gmt":"2016-11-16T12:43:28","slug":"el-senado-debatio-en-comisiones-el-presupuesto-y-la-reforma-electoral","status":"publish","type":"post","link":"https:\/\/www.actualidadadiario.com\/index.php\/2016\/11\/16\/el-senado-debatio-en-comisiones-el-presupuesto-y-la-reforma-electoral\/","title":{"rendered":"El Senado debati\u00f3 en comisiones el Presupuesto y la Reforma Electoral"},"content":{"rendered":"<p><em><strong>El Congreso nacional vivi\u00f3 este martes una intensa jornada legislativa, con reuniones en diversas comisiones, algunas de las cuales concluyeron con la firma de dict\u00e1menes. Diputados y senadores pisan el acelerador para apurar los proyectos antes de que concluya el per\u00edodo de sesiones ordinarias el 30 de noviembre<\/strong><\/em><\/p>\n<p>&nbsp;<\/p>\n<p>&nbsp;<\/p>\n<p>&nbsp;<\/p>\n<p>&nbsp;<\/p>\n<p>&nbsp;<\/p>\n<p>&nbsp;<\/p>\n<p>&nbsp;<\/p>\n<p>El oficialismo consigui\u00f3 en la jornada un importante respaldo de los gobernadores del PJ al proyecto de reforma electoral, luego de que el presidente, Mauricio Macri, recibiera a los mandatarios en la quinta de Olivos, donde le manifestaron su apoyo.<\/p>\n<p>&nbsp;<\/p>\n<p>En este marco, un plenario de comisiones debati\u00f3 en el Senado el proyecto oficial de reforma electoral e incorporaci\u00f3n de boleta electr\u00f3nica, con la exposici\u00f3n de distintos expertos inform\u00e1ticos.<\/p>\n<p>&nbsp;<\/p>\n<p>&nbsp;<\/p>\n<p>Hasta el momento nada cambi\u00f3 en el Senado: el debate continu\u00f3 este martes, seguir\u00e1 el pr\u00f3ximo jueves y s\u00f3lo los m\u00e1s optimistas esperan que el proyecto tenga dictamen ese d\u00eda, mientras que diversas fuentes del plenario de comisiones consultadas por NA coinciden en que eso no ocurrir\u00e1 hasta el martes pr\u00f3ximo.<\/p>\n<p>&nbsp;<\/p>\n<p>Con el PJ-FPV dividido ante el proyecto, la intenci\u00f3n de quienes se oponen al sistema de boleta \u00fanica electr\u00f3nica es demorar la firma del dictamen para que no se vote hasta los \u00faltimos d\u00edas del a\u00f1o parlamentario: entre ellos se ubica el neuquino Marcelo Fuentes, que encabeza el plenario de comisiones.<\/p>\n<p>&nbsp;<\/p>\n<p>De todas formas, la postura de rechazar por completo el proyecto sigue siendo hasta ahora minoritaria en la bancada del PJ-FPV, pero la mayor\u00eda de los integrantes de ese bloque tampoco tiene una posici\u00f3n favorable a los intereses del Gobierno, dado que mantiene la idea de modificar la iniciativa y devolverla a la C\u00e1mara de Diputados.<\/p>\n<p>&nbsp;<\/p>\n<p>Entre las modificaciones que plantean se destacan la aplicaci\u00f3n progresiva del nuevo sistema en lugar de llevarlo a todas las provincias y la incorporaci\u00f3n de un conteo de votos manual en lugar del mecanismo electr\u00f3nico (que podr\u00eda ser un chip insertado en la boleta) que defiende Macri.<\/p>\n<p>&nbsp;<\/p>\n<p>&nbsp;<\/p>\n<p>&nbsp;<\/p>\n<p>&nbsp;<\/p>\n<p>&nbsp;<\/p>\n<p>&nbsp;<\/p>\n<p><strong>Qu\u00e9 dijeron los especialistas<\/strong><\/p>\n<p>De la veintena de expositores que asistieron al debate de comisiones de este martes, hubo s\u00f3lo dos a favor del proyecto del oficialismo, mientras que el resto se expres\u00f3 en contra.<\/p>\n<p>&nbsp;<\/p>\n<p>El presidente de la empresa Magic Software Argentina (MSA), Sergio Angelini, se pronunci\u00f3 a favor de la iniciativa del oficialismo al se\u00f1alar que &#8220;es absolutamente falso que el mundo est\u00e1 abandonando este camino&#8221;, al tiempo que destac\u00f3 que en 15 a\u00f1os &#8220;jam\u00e1s hubo una denuncia por vulneraci\u00f3n del sistema&#8221;.<\/p>\n<p>&nbsp;<\/p>\n<p>Otro de los expositores que apoy\u00f3 el proyecto fue Claudio Bargach, de la Red Ser Fiscal, quien sostuvo que &#8220;el voto electr\u00f3nico avanza en el mundo&#8221; y que es &#8220;importante el ejemplo de Brasil y la India&#8221;.<\/p>\n<p>&nbsp;<\/p>\n<p>&#8220;Nos parece que la boleta \u00fanica electr\u00f3nica tiene elementos importantes, como votar m\u00e1s r\u00e1pido&#8221;, afirm\u00f3 Bargach y agreg\u00f3: &#8220;M\u00e1s importante nos parece la trazabilidad de lo previo y lo anterior a la votaci\u00f3n&#8221;.<\/p>\n<p>&nbsp;<\/p>\n<p>Por su parte, el abogado constitucionalista Eduardo Barcesat sostuvo que &#8220;hay elementos para descalificar el sistema&#8221; que tienen que ver con las caracter\u00edsticas del voto establecidas por la Constituci\u00f3n Nacional, como la universalidad, la obligatoriedad y el secreto.<\/p>\n<p>&nbsp;<\/p>\n<p>&#8220;Sabemos que en general no se cumple con el cien por cien de los votantes del padr\u00f3n y que una buena elecci\u00f3n es la que supere el 80 por ciento&#8221;, explic\u00f3 Barcesat y agreg\u00f3: &#8220;Si alguna poblaci\u00f3n tiene inconvenientes para aplicar el instrumento tecnol\u00f3gico esto va a afectar tanto el valor de universalidad como el de obligatoriedad&#8221;.<\/p>\n<p>&nbsp;<\/p>\n<p>M\u00e1s taxativo fue el ingeniero en comunicaciones y referente de la Universidad T\u00e9cnol\u00f3gica Nacional (UTN), Ariel Garbarz, quien se\u00f1al\u00f3 que &#8220;este sistema puede ser un c\u00e1ncer para la democracia&#8221; y pidi\u00f3 a los senadores que &#8220;no den el voto a esta locura&#8221;.<\/p>\n<p>&nbsp;<\/p>\n<p>&#8220;Efectivamente esto es voto electr\u00f3nico, porque el mecanismo que se utiliza para emitir el voto es electr\u00f3nico, es falsa la dicotom\u00eda entre voto electr\u00f3nico y boleta electr\u00f3nica&#8221;, sostuvo Garbarz.<\/p>\n<p>&nbsp;<\/p>\n<p>Tras se\u00f1alar que &#8220;la boleta electr\u00f3nica es un invento argentino&#8221;, el especialista afirm\u00f3 que de todas las formas de votaci\u00f3n con tecnolog\u00eda &#8220;esta es la peor de todas, la m\u00e1s vulnerable&#8221; porque &#8220;se puede adulterar el voto registrado solamente con se\u00f1ales electromagn\u00e9ticas.<\/p>\n<p>&nbsp;<\/p>\n<p>Seg\u00fan Garbarz, esto es as\u00ed porque &#8220;el problema est\u00e1 en el chip, que tiene adentro algo que se llama RFID, que utiliza la radiofrecuencia para ser escrito y para ser le\u00eddo, y ah\u00ed est\u00e1 el gato encerrado&#8221;.<\/p>\n<p>&nbsp;<\/p>\n<p>&#8220;Basta una se\u00f1al electromagn\u00e9tica en la frecuencia adecuada para cambiar el resultado de cada una de las boletas o directamente quemarlas, borrar todo lo que hab\u00eda. Se puede cambiar el voto, borrar el registrado y destruir la informaci\u00f3n&#8221;, sentenci\u00f3.<\/p>\n<p>&nbsp;<\/p>\n<p>&#8220;No somos tecnof\u00f3bicos: vemos un gran peligro electoral y queremos alertarlo&#8221;, afirm\u00f3 Vladimir Di Fiore Prieto, consultor en Software Libre y Comunicaci\u00f3n.<\/p>\n<p>&nbsp;<\/p>\n<p>&#8220;Los fiscales inform\u00e1ticos no podr\u00edan fiscalizar nada. Espero que este proyecto no avance&#8221;, concluy\u00f3.<\/p>\n<p>&nbsp;<\/p>\n<p>&nbsp;<\/p>\n<p>&nbsp;<\/p>\n<p>&nbsp;<\/p>\n<p>&nbsp;<\/p>\n<p>&nbsp;<\/p>\n<p>&nbsp;<\/p>\n<p>&nbsp;<\/p>\n<p><strong>Debate por el Presupuesto 2017<\/strong><\/p>\n<p>Previamente en la C\u00e1mara alta, los senadores continuaron con el debate del Presupuesto 2017, que ya tiene media sanci\u00f3n de Diputados. En este marco, fue el turno de los ministros de Interior, Rogelio Frigerio, y Desarrollo Social, Carolina Stanley.<\/p>\n<p>&nbsp;<\/p>\n<p>Frigerio, destac\u00f3 este martes que el plan de gastos y recursos para 2017 es &#8220;uno de los presupuestos m\u00e1s federales de la historia&#8221;, al presentarse ante la Comisi\u00f3n de Presupuesto y Hacienda del Senado.<\/p>\n<p>&nbsp;<\/p>\n<p>Durante una breve exposici\u00f3n inicial, en la que defendi\u00f3 la propuesta oficial, que cuenta con media sanci\u00f3n de Diputados, el funcionario resalt\u00f3 que las transferencias para las provincias aumentar\u00e1n a un 30 por ciento, tres puntos m\u00e1s respecto del corriente a\u00f1o, y que &#8220;se destina casi un punto m\u00e1s del PBI a las provincias&#8221;.<\/p>\n<p>&nbsp;<\/p>\n<p>&#8220;Este a\u00f1o estamos agrandando la participaci\u00f3n de las provincias en la torta de recursos federales&#8221;, manifest\u00f3 en esta l\u00ednea. Y a\u00f1adi\u00f3: &#8220;Hay un presupuesto de 14 mil millones, de los cuales m\u00e1s del 50 por ciento va a ser transferido de manera autom\u00e1tica a las provincias y el resto va a tener que ver con el ejercicio de armonizaci\u00f3n de las cajas provinciales a la caja nacional&#8221;.<\/p>\n<p>&nbsp;<\/p>\n<p>Por su parte, Stanley destac\u00f3 que las partidas previstas para el a\u00f1o que viene representan un incremento del 46 por ciento respecto del presupuesto actual, y del 31 por ciento si se coteja con la ampliaci\u00f3n vigente.<\/p>\n<p>&nbsp;<\/p>\n<p>La ministra sostuvo que habr\u00e1 aumentos para programas de abordaje territorial (135%), para la comisi\u00f3n nacional de microcr\u00e9ditos (98%), para la creaci\u00f3n del programa Creer y Crear (215%), para las pol\u00edticas alimentarias (80%), para programas de apoyo al empleo (79%) y para acciones en el marco de la red de protecci\u00f3n social destinada a ni\u00f1os y j\u00f3venes y a la Secretar\u00eda de Ni\u00f1ez y Adolescencia (175%).<\/p>\n<p>&nbsp;<\/p>\n<p>En la agenda de las comisiones, figura adem\u00e1s el proyecto para establecer una modificaci\u00f3n al r\u00e9gimen de subrogancias, ya que la ley aprobada durante el kirchnerismo fue objetada desde la Corte Suprema de Justicia, y tambi\u00e9n la iniciativa para reducir las comisiones que cobran las tarjetas de cr\u00e9dito a los comercios, cuyos entretelones cont\u00f3 \u00e1mbito.com ayer.<\/p>\n<p>&nbsp;<\/p>\n<p>M\u00e1s all\u00e1 de la tarea de comisiones, la intenci\u00f3n del oficialismo es buscar adem\u00e1s acuerdos para sesionar este mi\u00e9rcoles con el proyecto de emprendedores, el que proh\u00edbe las carreras de galgos y el que establece la obligatoriedad de la sala de 3 a\u00f1os, entre otras cuestiones.<\/p>\n<p>&nbsp;<\/p>\n<p>De acuerdo al cronograma dise\u00f1ado ya por el oficialismo, la c\u00e1mara baja sesionar\u00e1 adem\u00e1s el mi\u00e9rcoles 23 y el 30 de noviembre, cuando concluye el per\u00edodo ordinario.<\/p>\n<p>&nbsp;<\/p>\n<p>Si bien se descuenta que el oficialismo convocar\u00e1 a sesiones extraordinarias, s\u00f3lo ser\u00edan llamadas por el Poder Ejecutivo para debatir la reforma electoral que tiene sanci\u00f3n de Diputados y debe aprobar a\u00fan el Senado donde, seg\u00fan las fuentes, se le realizar\u00e1 modificaciones al texto que envi\u00f3 la c\u00e1mara baja semanas atr\u00e1s.<\/p>\n","protected":false},"excerpt":{"rendered":"<p>El Congreso nacional vivi\u00f3 este martes una intensa jornada legislativa, con reuniones en diversas comisiones, algunas de las cuales concluyeron con la firma de dict\u00e1menes. Diputados y senadores pisan el acelerador para apurar los proyectos antes de que concluya el per\u00edodo de sesiones ordinarias el 30 de noviembre &nbsp; &nbsp; &nbsp; &nbsp; &nbsp; &nbsp; &nbsp; El oficialismo consigui\u00f3 en la jornada un importante respaldo de los gobernadores del PJ al proyecto de reforma electoral, luego de que el presidente, Mauricio Macri, recibiera a los mandatarios en la quinta de Olivos,&#8230;<\/p>\n","protected":false},"author":3,"featured_media":4572,"comment_status":"closed","ping_status":"closed","sticky":false,"template":"","format":"standard","meta":[],"categories":[18],"tags":[],"_links":{"self":[{"href":"https:\/\/www.actualidadadiario.com\/index.php\/wp-json\/wp\/v2\/posts\/4571"}],"collection":[{"href":"https:\/\/www.actualidadadiario.com\/index.php\/wp-json\/wp\/v2\/posts"}],"about":[{"href":"https:\/\/www.actualidadadiario.com\/index.php\/wp-json\/wp\/v2\/types\/post"}],"author":[{"embeddable":true,"href":"https:\/\/www.actualidadadiario.com\/index.php\/wp-json\/wp\/v2\/users\/3"}],"replies":[{"embeddable":true,"href":"https:\/\/www.actualidadadiario.com\/index.php\/wp-json\/wp\/v2\/comments?post=4571"}],"version-history":[{"count":1,"href":"https:\/\/www.actualidadadiario.com\/index.php\/wp-json\/wp\/v2\/posts\/4571\/revisions"}],"predecessor-version":[{"id":4573,"href":"https:\/\/www.actualidadadiario.com\/index.php\/wp-json\/wp\/v2\/posts\/4571\/revisions\/4573"}],"wp:featuredmedia":[{"embeddable":true,"href":"https:\/\/www.actualidadadiario.com\/index.php\/wp-json\/wp\/v2\/media\/4572"}],"wp:attachment":[{"href":"https:\/\/www.actualidadadiario.com\/index.php\/wp-json\/wp\/v2\/media?parent=4571"}],"wp:term":[{"taxonomy":"category","embeddable":true,"href":"https:\/\/www.actualidadadiario.com\/index.php\/wp-json\/wp\/v2\/categories?post=4571"},{"taxonomy":"post_tag","embeddable":true,"href":"https:\/\/www.actualidadadiario.com\/index.php\/wp-json\/wp\/v2\/tags?post=4571"}],"curies":[{"name":"wp","href":"https:\/\/api.w.org\/{rel}","templated":true}]}}