{"id":4568,"date":"2016-11-16T09:42:08","date_gmt":"2016-11-16T12:42:08","guid":{"rendered":"http:\/\/actualidadadiario.com\/site\/?p=4568"},"modified":"2016-11-16T09:42:08","modified_gmt":"2016-11-16T12:42:08","slug":"hasta-el-conservador-diario-el-pais-critica-el-festin-financiero-y-la-recesion-de-macri","status":"publish","type":"post","link":"https:\/\/www.actualidadadiario.com\/index.php\/2016\/11\/16\/hasta-el-conservador-diario-el-pais-critica-el-festin-financiero-y-la-recesion-de-macri\/","title":{"rendered":"Hasta el conservador diario El Pa\u00eds critica el &#8220;fest\u00edn financiero&#8221; y la &#8220;recesi\u00f3n&#8221; de Macri"},"content":{"rendered":"<p><em><strong>El reconocido matutino espa\u00f1ol elabor\u00f3 una nota que se titula: &#8220;Argentina, fest\u00edn financiero en plena recesi\u00f3n&#8221;, donde expresan profundas cr\u00edticas a las pol\u00edticas econ\u00f3micas de Mauricio Macri. Adem\u00e1s, hablan del &#8220;mayor proceso de endeudamiento&#8221; de la regi\u00f3n<\/strong><\/em><\/p>\n<p>&nbsp;<\/p>\n<p>&nbsp;<\/p>\n<p>&nbsp;<\/p>\n<p>&nbsp;<\/p>\n<p>&nbsp;<\/p>\n<p>&nbsp;<\/p>\n<p>El diario espa\u00f1ol El Pa\u00eds, de una tradici\u00f3n hist\u00f3ricamente conservadora, no pudo hacer &#8216;la vista gorda&#8217;. Por eso, sali\u00f3 publicada una nota sobre la crisis econ\u00f3mica argentina de los \u00faltimos meses.<\/p>\n<p>&nbsp;<\/p>\n<p>La nota se titula: &#8220;Argentina, fest\u00edn financiero en plena recesi\u00f3n&#8221;, y apunta a destacar las medidas de Gobierno de Mauricio Macri que tuvieron un impacto negativo en el pueblo argentino.<\/p>\n<p>&nbsp;<\/p>\n<p>Por ejemplo, se animan a afirmar: &#8220;Mientras muchos pa\u00edses latinoamericanos han decidido no endeudarse m\u00e1s y reducir su d\u00e9ficit, Macri ha iniciado el mayor proceso de endeudamiento&#8221; de la regi\u00f3n.<\/p>\n<p>&nbsp;<\/p>\n<p>En ese sentido, expres que mientras el resto de los pa\u00edses bajaron sus tipos de inter\u00e9s, Argentina los subi\u00f3 al 38% y se mantuvo en 26% despu\u00e9s del ajuste. Eso, con una inflaci\u00f3n situada en el 40%, a El Pa\u00eds le parece &#8220;algo dif\u00edcil de explicar en cualquier otra econom\u00eda&#8221;.<\/p>\n<p>&nbsp;<\/p>\n<p>Luego, explican: &#8220;Macri ten\u00eda la ventaja de que Argentina, despu\u00e9s de a\u00f1os de kirchnerismo, ruptura con el FMI, guerra con los fondos buitre y salida de los mercados financieros, estaba muy desendeudada. Argentina tiene margen, dice el Gobierno, no hay de qu\u00e9 preocuparse&#8221;.<\/p>\n<p>&nbsp;<\/p>\n<p>Pero, para el diario espa\u00f1ol, la deuda sumada a un peso muy fuerte gracias a un mercado inundado en d\u00f3lares, est\u00e1n provocando &#8220;un enorme fest\u00edn financiero en plena recesi\u00f3n que tiene a algunos economistas preocupados&#8221;.<\/p>\n","protected":false},"excerpt":{"rendered":"<p>El reconocido matutino espa\u00f1ol elabor\u00f3 una nota que se titula: &#8220;Argentina, fest\u00edn financiero en plena recesi\u00f3n&#8221;, donde expresan profundas cr\u00edticas a las pol\u00edticas econ\u00f3micas de Mauricio Macri. Adem\u00e1s, hablan del &#8220;mayor proceso de endeudamiento&#8221; de la regi\u00f3n &nbsp; &nbsp; &nbsp; &nbsp; &nbsp; &nbsp; El diario espa\u00f1ol El Pa\u00eds, de una tradici\u00f3n hist\u00f3ricamente conservadora, no pudo hacer &#8216;la vista gorda&#8217;. Por eso, sali\u00f3 publicada una nota sobre la crisis econ\u00f3mica argentina de los \u00faltimos meses. &nbsp; La nota se titula: &#8220;Argentina, fest\u00edn financiero en plena recesi\u00f3n&#8221;, y apunta a destacar las&#8230;<\/p>\n","protected":false},"author":3,"featured_media":4569,"comment_status":"closed","ping_status":"closed","sticky":false,"template":"","format":"standard","meta":[],"categories":[2],"tags":[],"_links":{"self":[{"href":"https:\/\/www.actualidadadiario.com\/index.php\/wp-json\/wp\/v2\/posts\/4568"}],"collection":[{"href":"https:\/\/www.actualidadadiario.com\/index.php\/wp-json\/wp\/v2\/posts"}],"about":[{"href":"https:\/\/www.actualidadadiario.com\/index.php\/wp-json\/wp\/v2\/types\/post"}],"author":[{"embeddable":true,"href":"https:\/\/www.actualidadadiario.com\/index.php\/wp-json\/wp\/v2\/users\/3"}],"replies":[{"embeddable":true,"href":"https:\/\/www.actualidadadiario.com\/index.php\/wp-json\/wp\/v2\/comments?post=4568"}],"version-history":[{"count":1,"href":"https:\/\/www.actualidadadiario.com\/index.php\/wp-json\/wp\/v2\/posts\/4568\/revisions"}],"predecessor-version":[{"id":4570,"href":"https:\/\/www.actualidadadiario.com\/index.php\/wp-json\/wp\/v2\/posts\/4568\/revisions\/4570"}],"wp:featuredmedia":[{"embeddable":true,"href":"https:\/\/www.actualidadadiario.com\/index.php\/wp-json\/wp\/v2\/media\/4569"}],"wp:attachment":[{"href":"https:\/\/www.actualidadadiario.com\/index.php\/wp-json\/wp\/v2\/media?parent=4568"}],"wp:term":[{"taxonomy":"category","embeddable":true,"href":"https:\/\/www.actualidadadiario.com\/index.php\/wp-json\/wp\/v2\/categories?post=4568"},{"taxonomy":"post_tag","embeddable":true,"href":"https:\/\/www.actualidadadiario.com\/index.php\/wp-json\/wp\/v2\/tags?post=4568"}],"curies":[{"name":"wp","href":"https:\/\/api.w.org\/{rel}","templated":true}]}}