{"id":4565,"date":"2016-11-16T09:41:22","date_gmt":"2016-11-16T12:41:22","guid":{"rendered":"http:\/\/actualidadadiario.com\/site\/?p=4565"},"modified":"2016-11-16T09:41:22","modified_gmt":"2016-11-16T12:41:22","slug":"las-provincias-cayeron-en-recesion-tecnica","status":"publish","type":"post","link":"https:\/\/www.actualidadadiario.com\/index.php\/2016\/11\/16\/las-provincias-cayeron-en-recesion-tecnica\/","title":{"rendered":"Las provincias cayeron en recesi\u00f3n t\u00e9cnica"},"content":{"rendered":"<p><em><strong>As\u00ed lo devel\u00f3 el Indicador Sint\u00e9tico de Actividad de las Provincias (ISAP) que elabor\u00f3 una consultora privada, refleja que es el segundo trimestre consecutivo en que las econom\u00edas locales van a la baja en todo el pa\u00eds. S\u00f3lo dos provincias aminoraron el impacto<\/strong><\/em><\/p>\n<p>&nbsp;<\/p>\n<p>&nbsp;<\/p>\n<p>&nbsp;<\/p>\n<p>&nbsp;<\/p>\n<p>&nbsp;<\/p>\n<p>&nbsp;<\/p>\n<p>&nbsp;<\/p>\n<p>Recesi\u00f3n t\u00e9cnica quiere decir que son dos trimestres seguidos de baja en la medici\u00f3n desestacionalizada. As\u00ed est\u00e1n todas las provincias argentinas, seg\u00fan el informe que arm\u00f3 la consultora Federico Mu\u00f1oz &amp; Asociados para el segundo trimestre del a\u00f1o.<\/p>\n<p>&nbsp;<\/p>\n<p>La situaci\u00f3n m\u00e1s complicada la tiene San Juan, que fue la \u00fanica provincia que acumula cuatro trimestres de retracci\u00f3n. El resto, marc\u00f3 n\u00fameros rojos durante tres consecutivos, seg\u00fan reprodujo el sitio Infobae.<\/p>\n<p>&nbsp;<\/p>\n<p>En tanto que Santa Cruz, fue la provincia que tuvo la peor ca\u00edda, con un 9% en el segundo trimestre. La siguen Catamarca y La Rioja con desempe\u00f1os muy negativos, superiores al 6% interanual. Detr\u00e1s vienen Neuqu\u00e9n, Jujuy, Mendoza y Misiones.<\/p>\n<p>&nbsp;<\/p>\n<p>Los n\u00fameros que arroja la consultora van en coincidencia con los del Indec, que midi\u00f3 a nivel nacional una ca\u00edda del PBI de 3,4%.<\/p>\n<p>&nbsp;<\/p>\n<p>El ISAP es un sistema compuesto por 25 indicadores (uno para cada provincia y otro para el agregado nacional) cuyas variaciones son construidas como un promedio ponderado de diversas variables que impactan en el nivel de actividad. Surgi\u00f3 como respuesta a un vac\u00edo en las mediciones oficiales sobre el comportamiento homog\u00e9neo de todos los distritos del pa\u00eds.<\/p>\n<p>&nbsp;<\/p>\n<p>Desde el ISAP tambi\u00e9n dicen que hay peque\u00f1os indicios de una mejora, como lo es la venta de automotores y de propiedades inmuebles o gastos en turismo hacia el resto del mundo, adem\u00e1s de la llegada de las primeras cosechas, y la construcci\u00f3n con la aceleraci\u00f3n de ritmo de licitaciones y adjudicaciones de obras p\u00fablicas.<\/p>\n<p>&nbsp;<\/p>\n<p>Pero, hay otros indicadores que no son nada alentadores, y que muestran una senda francamente recesiva. Es el caso de los bienes de consumo no durable, como alimentos, perfumer\u00eda y cosm\u00e9tica y semidurables como textiles, vinculados a la p\u00e9rdida de poder de compra de los salarios y tambi\u00e9n del clima at\u00edpico, que afect\u00f3 a muchos productos dominados por la estacionalidad, y los exportadores a Brasil, como la rama de la producci\u00f3n automotriz y metalmec\u00e1nica, principalmente, destaca la misma nota.<\/p>\n<p>&nbsp;<\/p>\n<p>Lejos de las promesas del segundo semestre, Argentina padece las medidas econ\u00f3micas que tom\u00f3 Cambiemos desde que lleg\u00f3 al poder.<\/p>\n","protected":false},"excerpt":{"rendered":"<p>As\u00ed lo devel\u00f3 el Indicador Sint\u00e9tico de Actividad de las Provincias (ISAP) que elabor\u00f3 una consultora privada, refleja que es el segundo trimestre consecutivo en que las econom\u00edas locales van a la baja en todo el pa\u00eds. S\u00f3lo dos provincias aminoraron el impacto &nbsp; &nbsp; &nbsp; &nbsp; &nbsp; &nbsp; &nbsp; Recesi\u00f3n t\u00e9cnica quiere decir que son dos trimestres seguidos de baja en la medici\u00f3n desestacionalizada. As\u00ed est\u00e1n todas las provincias argentinas, seg\u00fan el informe que arm\u00f3 la consultora Federico Mu\u00f1oz &amp; Asociados para el segundo trimestre del a\u00f1o. &nbsp; La&#8230;<\/p>\n","protected":false},"author":3,"featured_media":4566,"comment_status":"closed","ping_status":"closed","sticky":false,"template":"","format":"standard","meta":[],"categories":[9],"tags":[],"_links":{"self":[{"href":"https:\/\/www.actualidadadiario.com\/index.php\/wp-json\/wp\/v2\/posts\/4565"}],"collection":[{"href":"https:\/\/www.actualidadadiario.com\/index.php\/wp-json\/wp\/v2\/posts"}],"about":[{"href":"https:\/\/www.actualidadadiario.com\/index.php\/wp-json\/wp\/v2\/types\/post"}],"author":[{"embeddable":true,"href":"https:\/\/www.actualidadadiario.com\/index.php\/wp-json\/wp\/v2\/users\/3"}],"replies":[{"embeddable":true,"href":"https:\/\/www.actualidadadiario.com\/index.php\/wp-json\/wp\/v2\/comments?post=4565"}],"version-history":[{"count":1,"href":"https:\/\/www.actualidadadiario.com\/index.php\/wp-json\/wp\/v2\/posts\/4565\/revisions"}],"predecessor-version":[{"id":4567,"href":"https:\/\/www.actualidadadiario.com\/index.php\/wp-json\/wp\/v2\/posts\/4565\/revisions\/4567"}],"wp:featuredmedia":[{"embeddable":true,"href":"https:\/\/www.actualidadadiario.com\/index.php\/wp-json\/wp\/v2\/media\/4566"}],"wp:attachment":[{"href":"https:\/\/www.actualidadadiario.com\/index.php\/wp-json\/wp\/v2\/media?parent=4565"}],"wp:term":[{"taxonomy":"category","embeddable":true,"href":"https:\/\/www.actualidadadiario.com\/index.php\/wp-json\/wp\/v2\/categories?post=4565"},{"taxonomy":"post_tag","embeddable":true,"href":"https:\/\/www.actualidadadiario.com\/index.php\/wp-json\/wp\/v2\/tags?post=4565"}],"curies":[{"name":"wp","href":"https:\/\/api.w.org\/{rel}","templated":true}]}}