{"id":4562,"date":"2016-11-16T09:40:25","date_gmt":"2016-11-16T12:40:25","guid":{"rendered":"http:\/\/actualidadadiario.com\/site\/?p=4562"},"modified":"2016-11-16T09:40:25","modified_gmt":"2016-11-16T12:40:25","slug":"messi-anuncio-que-el-plantel-decidio-no-hablar-mas-con-la-prensa-tras-la-acusacion-a-lavezzi","status":"publish","type":"post","link":"https:\/\/www.actualidadadiario.com\/index.php\/2016\/11\/16\/messi-anuncio-que-el-plantel-decidio-no-hablar-mas-con-la-prensa-tras-la-acusacion-a-lavezzi\/","title":{"rendered":"Messi anunci\u00f3 que el plantel decidi\u00f3 &#8221;no hablar m\u00e1s con la prensa&#8221; tras la acusaci\u00f3n a Lavezzi"},"content":{"rendered":"<p><em><strong>El mejor jugador de la Argentina anunci\u00f3 tras la goleada ante Colombia en San Juan que el plantel del seleccionado argentino de f\u00fatbol &#8220;no va a hablar m\u00e1s con la prensa&#8221; tras la &#8220;acusaci\u00f3n&#8221; que hizo un periodista contra Ezequiel Lavezzi que Messi calific\u00f3 de &#8220;muy grave&#8221;<\/strong><\/em><\/p>\n<p>&nbsp;<\/p>\n<p>&nbsp;<\/p>\n<p>&nbsp;<\/p>\n<p>&nbsp;<\/p>\n<p>&nbsp;<\/p>\n<p>&#8220;La acusaci\u00f3n al Pocho excedi\u00f3 todo&#8221;, dijo Lio, rodeado de sus compa\u00f1eros en la sala de prensa del estadio Bicentenario, tras el triunfo sobre Colombia por 3 a 0 donde la rompi\u00f3.<\/p>\n<p>&nbsp;<\/p>\n<p>El &#8216;Pocho&#8217; anunci\u00f3 este martes antes del partido que denunciar\u00e1 al periodista que lo acus\u00f3 de fumar marihuana.<\/p>\n<p>&nbsp;<\/p>\n<p>&#8220;Lo lamentamos pero no nos queda otra&#8221;, advirti\u00f3, y se lament\u00f3: &#8220;Nos van a seguir matando&#8221;. La conferencia de prensa y esta foto quedar\u00e1n en la historia de la selecci\u00f3n, y del periodismo tambi\u00e9n.<\/p>\n","protected":false},"excerpt":{"rendered":"<p>El mejor jugador de la Argentina anunci\u00f3 tras la goleada ante Colombia en San Juan que el plantel del seleccionado argentino de f\u00fatbol &#8220;no va a hablar m\u00e1s con la prensa&#8221; tras la &#8220;acusaci\u00f3n&#8221; que hizo un periodista contra Ezequiel Lavezzi que Messi calific\u00f3 de &#8220;muy grave&#8221; &nbsp; &nbsp; &nbsp; &nbsp; &nbsp; &#8220;La acusaci\u00f3n al Pocho excedi\u00f3 todo&#8221;, dijo Lio, rodeado de sus compa\u00f1eros en la sala de prensa del estadio Bicentenario, tras el triunfo sobre Colombia por 3 a 0 donde la rompi\u00f3. &nbsp; El &#8216;Pocho&#8217; anunci\u00f3 este martes&#8230;<\/p>\n","protected":false},"author":3,"featured_media":4563,"comment_status":"closed","ping_status":"closed","sticky":false,"template":"","format":"standard","meta":[],"categories":[4],"tags":[],"_links":{"self":[{"href":"https:\/\/www.actualidadadiario.com\/index.php\/wp-json\/wp\/v2\/posts\/4562"}],"collection":[{"href":"https:\/\/www.actualidadadiario.com\/index.php\/wp-json\/wp\/v2\/posts"}],"about":[{"href":"https:\/\/www.actualidadadiario.com\/index.php\/wp-json\/wp\/v2\/types\/post"}],"author":[{"embeddable":true,"href":"https:\/\/www.actualidadadiario.com\/index.php\/wp-json\/wp\/v2\/users\/3"}],"replies":[{"embeddable":true,"href":"https:\/\/www.actualidadadiario.com\/index.php\/wp-json\/wp\/v2\/comments?post=4562"}],"version-history":[{"count":1,"href":"https:\/\/www.actualidadadiario.com\/index.php\/wp-json\/wp\/v2\/posts\/4562\/revisions"}],"predecessor-version":[{"id":4564,"href":"https:\/\/www.actualidadadiario.com\/index.php\/wp-json\/wp\/v2\/posts\/4562\/revisions\/4564"}],"wp:featuredmedia":[{"embeddable":true,"href":"https:\/\/www.actualidadadiario.com\/index.php\/wp-json\/wp\/v2\/media\/4563"}],"wp:attachment":[{"href":"https:\/\/www.actualidadadiario.com\/index.php\/wp-json\/wp\/v2\/media?parent=4562"}],"wp:term":[{"taxonomy":"category","embeddable":true,"href":"https:\/\/www.actualidadadiario.com\/index.php\/wp-json\/wp\/v2\/categories?post=4562"},{"taxonomy":"post_tag","embeddable":true,"href":"https:\/\/www.actualidadadiario.com\/index.php\/wp-json\/wp\/v2\/tags?post=4562"}],"curies":[{"name":"wp","href":"https:\/\/api.w.org\/{rel}","templated":true}]}}