{"id":4552,"date":"2016-11-15T10:15:29","date_gmt":"2016-11-15T13:15:29","guid":{"rendered":"http:\/\/actualidadadiario.com\/site\/?p=4552"},"modified":"2016-11-15T10:15:29","modified_gmt":"2016-11-15T13:15:29","slug":"la-semana-del-prematuro-reune-a-equipos-de-salud-y-la-familia-en-la-provincia","status":"publish","type":"post","link":"https:\/\/www.actualidadadiario.com\/index.php\/2016\/11\/15\/la-semana-del-prematuro-reune-a-equipos-de-salud-y-la-familia-en-la-provincia\/","title":{"rendered":"La Semana del Prematuro re\u00fane a equipos de salud y la familia en la provincia"},"content":{"rendered":"<p><em><strong>La Semana del Prematuro inici\u00f3 en Paran\u00e1 con una charla, en el hospital Materno Infantil San Roque. El rol de las enfermeras en el cuidado de los reci\u00e9n nacidos prematuros fue uno de los temas destacados durante la jornada. Tambi\u00e9n se resalt\u00f3 la vocaci\u00f3n del equipo de salud a la hora de desarrollar la atenci\u00f3n. Autoridades del Ministerio de Salud estuvieron presentes<\/strong><\/em><\/p>\n<p>&nbsp;<\/p>\n<p>&nbsp;<\/p>\n<p>&nbsp;<\/p>\n<p>&nbsp;<\/p>\n<p>&nbsp;<\/p>\n<p>&nbsp;<\/p>\n<p>&nbsp;<\/p>\n<p>Por sexto a\u00f1o consecutivo las maternidades de los hospitales Marvernat, de Concordia; Justo Jos\u00e9 de Urquiza, de Concepci\u00f3n del Uruguay; Centenario, de Gualeguaych\u00fa; y Materno Infantil San Roque, de Paran\u00e1, se suman a la Semana del Prematuro impulsada por Unicef y el Ministerio de Salud de la Naci\u00f3n.<\/p>\n<p>&nbsp;<\/p>\n<p>Durante el lanzamiento de la Semana del Prematuro en Paran\u00e1, llevado a cabo en el sal\u00f3n rojo del hospital San Roque, la coordinadora de la Unidad de Gesti\u00f3n de Programas, Sonia Vel\u00e1zquez, indic\u00f3: &#8220;Desde el componente de Maternidad e Infancia quer\u00edamos estar en esta apertura, acompa\u00f1\u00e1ndolos. Tambi\u00e9n quer\u00edamos contarles que una de las trazadoras sanitarias que monitorea las acciones de salud p\u00fablica a nivel provincial en la que estamos cumpliendo los objetivos, es cuidados neonatales&#8221;.<\/p>\n<p>&nbsp;<\/p>\n<p>&#8220;Haciendo un paneo de lo que pasa en la provincia, son cuatro los servicios de neonatolog\u00eda de cabecera, entre los que se destaca el servicio del hospital Materno Infantil San Roque, no s\u00f3lo por todas las condiciones que comprende sino tambi\u00e9n por un trabajo que ha sido sostenido en el tiempo, y en eso me parece crucial el rol de la enfermera, por su expertise y su dedicaci\u00f3n permanente con el servicio&#8221;, agreg\u00f3 la funcionaria.<\/p>\n<p>&nbsp;<\/p>\n<p>En 2010 se definieron diez derechos que constituyen el dec\u00e1logo de los reci\u00e9n nacidos prematuros y han dado forma a los temas centrales de cada campa\u00f1a anual. Este a\u00f1o, la semana est\u00e1 centrada en el derecho 4, que pone eje en el rol fundamental de las enfermeras: \u201cLos reci\u00e9n nacidos de parto prematuro tienen derecho a recibir cuidados de enfermer\u00eda de alta calidad orientados a proteger su desarrollo y centrados en la familia\u201d.<\/p>\n<p>&nbsp;<\/p>\n<p>En torno a esto tambi\u00e9n se expres\u00f3 el jefe del servicio de Neonatolog\u00eda del nosocomio, Alejandro Musante, quien valor\u00f3 que el cuidado de enfermer\u00eda en neonatolog\u00eda implica \u201cuna vocaci\u00f3n inmensa por un chiquito que est\u00e1 fuera de la panza de la madre, agredido, tratando de desarrollarse en un ambiente hostil, artificial, y realmente el cuidado de enfermer\u00eda es uno de los puntos sobresalientes&#8221;.<\/p>\n<p>&nbsp;<\/p>\n<p>En Paran\u00e1 la charla programada para dar inicio a las actividades estuvo a cargo de la jefa del \u00e1rea de enfermer\u00eda del servicio de Neonatolog\u00eda, Mar\u00eda Valeria Blanco, quien explic\u00f3: &#8220;Las actividades en la semana estar\u00e1n dirigidas al personal, a todo el equipo de salud pero tambi\u00e9n a las familias, para crear concientizaci\u00f3n de los cuidados de un prematuro con toda la sociedad&#8221;.<\/p>\n<p>&nbsp;<\/p>\n<p>En su apertura, Blanco dio una introducci\u00f3n de c\u00f3mo son los cuidados de enfermer\u00eda, contando de qu\u00e9 se trata el trabajo en el servicio de Neonatolog\u00eda del hospital. Las acciones contin\u00faan este martes con una capacitaci\u00f3n para el personal y a partir del mi\u00e9rcoles est\u00e1n planificadas actividades abiertas a la comunidad, con la presencia de familiares de ex pacientes.<\/p>\n<p>&nbsp;<\/p>\n<p>&#8220;Son experiencias enriquecedoras donde hacemos puestas en com\u00fan de lo que les gustar\u00eda a los familiares que cambiemos, qu\u00e9 cambios podemos implementar nosotros y haciendo hincapi\u00e9 en lo que incorporamos este a\u00f1o, que fue el ingreso irrestricto de la mam\u00e1 y el pap\u00e1 en cuidados intensivos de esta instituci\u00f3n&#8221;, explic\u00f3 la enfermera.<\/p>\n<p>&nbsp;<\/p>\n<p>Adem\u00e1s, la profesional se\u00f1al\u00f3 que las acciones impulsadas esta semana brindan una oportunidad para poner en agenda la importancia de los controles oportunos. \u201cMuchos de los partos prematuros y muchas de las muertes son prevenibles si se enfatiza en el trabajo desde el primer nivel de atenci\u00f3n, donde hay que trabajar mucho con las mam\u00e1s, sobre todo las adolescentes y las madres de embarazos m\u00faltiples, para que no vuelvan a tener embarazos prematuros&#8221;, puntualiz\u00f3.<\/p>\n<p>&nbsp;<\/p>\n<p>Tambi\u00e9n acompa\u00f1aron el inicio de las actividades por la Semana del Prematuro en Paran\u00e1 la referente del Programa Funciones Esenciales de Salud P\u00fablica (FESP), Karina Silva; la jefa de Departamento Enfermer\u00eda del San Roque, Silvina Villagra; representantes del Departamento Enfermer\u00eda del Ministerio de Salud; as\u00ed como enfermeras e integrantes de diferentes servicios del nosocomio, e incluso mam\u00e1s de pacientes y ex pacientes del servicio de Neonatolog\u00eda.<\/p>\n","protected":false},"excerpt":{"rendered":"<p>La Semana del Prematuro inici\u00f3 en Paran\u00e1 con una charla, en el hospital Materno Infantil San Roque. El rol de las enfermeras en el cuidado de los reci\u00e9n nacidos prematuros fue uno de los temas destacados durante la jornada. Tambi\u00e9n se resalt\u00f3 la vocaci\u00f3n del equipo de salud a la hora de desarrollar la atenci\u00f3n. Autoridades del Ministerio de Salud estuvieron presentes &nbsp; &nbsp; &nbsp; &nbsp; &nbsp; &nbsp; &nbsp; Por sexto a\u00f1o consecutivo las maternidades de los hospitales Marvernat, de Concordia; Justo Jos\u00e9 de Urquiza, de Concepci\u00f3n del Uruguay; Centenario,&#8230;<\/p>\n","protected":false},"author":3,"featured_media":4553,"comment_status":"closed","ping_status":"closed","sticky":false,"template":"","format":"standard","meta":[],"categories":[15],"tags":[],"_links":{"self":[{"href":"https:\/\/www.actualidadadiario.com\/index.php\/wp-json\/wp\/v2\/posts\/4552"}],"collection":[{"href":"https:\/\/www.actualidadadiario.com\/index.php\/wp-json\/wp\/v2\/posts"}],"about":[{"href":"https:\/\/www.actualidadadiario.com\/index.php\/wp-json\/wp\/v2\/types\/post"}],"author":[{"embeddable":true,"href":"https:\/\/www.actualidadadiario.com\/index.php\/wp-json\/wp\/v2\/users\/3"}],"replies":[{"embeddable":true,"href":"https:\/\/www.actualidadadiario.com\/index.php\/wp-json\/wp\/v2\/comments?post=4552"}],"version-history":[{"count":1,"href":"https:\/\/www.actualidadadiario.com\/index.php\/wp-json\/wp\/v2\/posts\/4552\/revisions"}],"predecessor-version":[{"id":4554,"href":"https:\/\/www.actualidadadiario.com\/index.php\/wp-json\/wp\/v2\/posts\/4552\/revisions\/4554"}],"wp:featuredmedia":[{"embeddable":true,"href":"https:\/\/www.actualidadadiario.com\/index.php\/wp-json\/wp\/v2\/media\/4553"}],"wp:attachment":[{"href":"https:\/\/www.actualidadadiario.com\/index.php\/wp-json\/wp\/v2\/media?parent=4552"}],"wp:term":[{"taxonomy":"category","embeddable":true,"href":"https:\/\/www.actualidadadiario.com\/index.php\/wp-json\/wp\/v2\/categories?post=4552"},{"taxonomy":"post_tag","embeddable":true,"href":"https:\/\/www.actualidadadiario.com\/index.php\/wp-json\/wp\/v2\/tags?post=4552"}],"curies":[{"name":"wp","href":"https:\/\/api.w.org\/{rel}","templated":true}]}}