{"id":4549,"date":"2016-11-15T10:12:31","date_gmt":"2016-11-15T13:12:31","guid":{"rendered":"http:\/\/actualidadadiario.com\/site\/?p=4549"},"modified":"2016-11-15T10:12:31","modified_gmt":"2016-11-15T13:12:31","slug":"entre-sonrisas-y-con-mucha-fe-el-equipo-argentino-empezo-su-preparacion-para-la-final","status":"publish","type":"post","link":"https:\/\/www.actualidadadiario.com\/index.php\/2016\/11\/15\/entre-sonrisas-y-con-mucha-fe-el-equipo-argentino-empezo-su-preparacion-para-la-final\/","title":{"rendered":"Entre sonrisas y con mucha fe, el equipo argentino empez\u00f3 su preparaci\u00f3n para la final"},"content":{"rendered":"<p><em><strong>El equipo argentino comenz\u00f3 su preparaci\u00f3n para la final de la Copa Davis ante Croacia, que se disputar\u00e1 entre 25 y 27 de noviembre pr\u00f3ximos, en el estadio Zagreb Arena de la ciudad hom\u00f3nima<\/strong><\/em><\/p>\n<p>&nbsp;<\/p>\n<p>&nbsp;<\/p>\n<p>&nbsp;<\/p>\n<p>&nbsp;<\/p>\n<p>&nbsp;<\/p>\n<p>&nbsp;<\/p>\n<p>&nbsp;<\/p>\n<p>Por la ma\u00f1ana, Juan Mart\u00edn Del Potro practic\u00f3 durante aproximadamente una hora, mientras que, por la tarde, lo hizo Guido Pella, entre las 13 y las 15.30 horas. El bahiense estuvo acompa\u00f1ado por su entrenador, Gustavo Marcaccio, y cont\u00f3 con el juvenil Axel Geller como sparring. Ambos entrenamientos se realizaron en la cancha r\u00e1pida indoor de Le Parc y fueron supervisados por Daniel Orsanic, capit\u00e1n del representativo nacional.<\/p>\n<p>&nbsp;<\/p>\n<p>Este martes, en la misma sede, el equipo argentino volver\u00e1 a entrenarse; esta vez, tambi\u00e9n Federico Delbonis.<\/p>\n<p>&nbsp;<\/p>\n<p>Leonardo Mayer, por su parte, se encuentra compitiendo en el Challenger de Brescia, en Italia, acompa\u00f1ado por Mariano Hood, subcapit\u00e1n del equipo argentino.<\/p>\n","protected":false},"excerpt":{"rendered":"<p>El equipo argentino comenz\u00f3 su preparaci\u00f3n para la final de la Copa Davis ante Croacia, que se disputar\u00e1 entre 25 y 27 de noviembre pr\u00f3ximos, en el estadio Zagreb Arena de la ciudad hom\u00f3nima &nbsp; &nbsp; &nbsp; &nbsp; &nbsp; &nbsp; &nbsp; Por la ma\u00f1ana, Juan Mart\u00edn Del Potro practic\u00f3 durante aproximadamente una hora, mientras que, por la tarde, lo hizo Guido Pella, entre las 13 y las 15.30 horas. El bahiense estuvo acompa\u00f1ado por su entrenador, Gustavo Marcaccio, y cont\u00f3 con el juvenil Axel Geller como sparring. Ambos entrenamientos se&#8230;<\/p>\n","protected":false},"author":3,"featured_media":4550,"comment_status":"closed","ping_status":"closed","sticky":false,"template":"","format":"standard","meta":[],"categories":[4],"tags":[],"_links":{"self":[{"href":"https:\/\/www.actualidadadiario.com\/index.php\/wp-json\/wp\/v2\/posts\/4549"}],"collection":[{"href":"https:\/\/www.actualidadadiario.com\/index.php\/wp-json\/wp\/v2\/posts"}],"about":[{"href":"https:\/\/www.actualidadadiario.com\/index.php\/wp-json\/wp\/v2\/types\/post"}],"author":[{"embeddable":true,"href":"https:\/\/www.actualidadadiario.com\/index.php\/wp-json\/wp\/v2\/users\/3"}],"replies":[{"embeddable":true,"href":"https:\/\/www.actualidadadiario.com\/index.php\/wp-json\/wp\/v2\/comments?post=4549"}],"version-history":[{"count":1,"href":"https:\/\/www.actualidadadiario.com\/index.php\/wp-json\/wp\/v2\/posts\/4549\/revisions"}],"predecessor-version":[{"id":4551,"href":"https:\/\/www.actualidadadiario.com\/index.php\/wp-json\/wp\/v2\/posts\/4549\/revisions\/4551"}],"wp:featuredmedia":[{"embeddable":true,"href":"https:\/\/www.actualidadadiario.com\/index.php\/wp-json\/wp\/v2\/media\/4550"}],"wp:attachment":[{"href":"https:\/\/www.actualidadadiario.com\/index.php\/wp-json\/wp\/v2\/media?parent=4549"}],"wp:term":[{"taxonomy":"category","embeddable":true,"href":"https:\/\/www.actualidadadiario.com\/index.php\/wp-json\/wp\/v2\/categories?post=4549"},{"taxonomy":"post_tag","embeddable":true,"href":"https:\/\/www.actualidadadiario.com\/index.php\/wp-json\/wp\/v2\/tags?post=4549"}],"curies":[{"name":"wp","href":"https:\/\/api.w.org\/{rel}","templated":true}]}}