{"id":4546,"date":"2016-11-15T10:11:26","date_gmt":"2016-11-15T13:11:26","guid":{"rendered":"http:\/\/actualidadadiario.com\/site\/?p=4546"},"modified":"2016-11-15T10:11:26","modified_gmt":"2016-11-15T13:11:26","slug":"herzog-estrenara-en-mar-del-plata-el-documental-sobre-saint-exupery-y-su-historia-de-amor-en-concordia","status":"publish","type":"post","link":"https:\/\/www.actualidadadiario.com\/index.php\/2016\/11\/15\/herzog-estrenara-en-mar-del-plata-el-documental-sobre-saint-exupery-y-su-historia-de-amor-en-concordia\/","title":{"rendered":"Herzog estrenar\u00e1 en Mar del Plata el documental sobre Saint-Exup\u00e9ry y su historia de amor en Concordia"},"content":{"rendered":"<p><em><strong>\u201cArranqu\u00e9 queriendo hacer una pel\u00edcula sobre el libro m\u00e1s le\u00eddo del planeta y me sali\u00f3 una historia de amor imposible\u201d, adelant\u00f3 el realizador Nicol\u00e1s Herzog. El film &#8220;Vuelo Nocturno&#8221; ser\u00e1 estrenado en el Festival de Cine de Mar del Plata<\/strong><\/em><\/p>\n<p>&nbsp;<\/p>\n<p>&nbsp;<\/p>\n<p>&nbsp;<\/p>\n<p>&nbsp;<\/p>\n<p>&nbsp;<\/p>\n<p>\u201cVuelo Nocturno\u201d se llama el trabajo en cuesti\u00f3n. El realizador explic\u00f3 que una serie de grabaciones que Antoine de Saint-Exup\u00e9ry le envi\u00f3 al cineasta Jean Renoir durante 1941, son el punto de partida para reconstruir la historia de amor que uni\u00f3 al escritor y aviador franc\u00e9s con las &#8220;princesitas argentinas\u201d Edda y Suzzane Fuchs, protagonistas del cap\u00edtulo &#8220;Oasis&#8221; de su libro Tierra de Hombres e inspiradoras de su obra cumbre El Principito.<\/p>\n<p>&nbsp;<\/p>\n<p>&nbsp;<\/p>\n<p>&nbsp;<\/p>\n<p>&nbsp;<\/p>\n<p>&nbsp;<\/p>\n<p>&nbsp;<\/p>\n<p>&nbsp;<\/p>\n<p><strong>Cerrando ciclos<\/strong><\/p>\n<p>\u201cEstamos en la etapa de post producci\u00f3n y la vamos a estrenar en el Festival de Cine de Mar del Plata, que arranca la semana que viene\u201d, adelant\u00f3 Nicol\u00e1s Herzog.<\/p>\n<p>En declaraciones al programa \u201cRuidos Molestos\u201d (O\u00edd Mortales Radio), el director agreg\u00f3 que \u201cestamos cansados, agotados, pero muy felices\u201d. Mencionando que \u201cfue un proceso muy largo, con m\u00e1s de 2 a\u00f1os de trabajo\u201d.<\/p>\n<p>&nbsp;<\/p>\n<p>\u201cVuelo Nocturno\u201d fue filmada \u201cen varias etapas, con rodajes en Buenos Aires, Concordia y este a\u00f1o en Francia\u201d, subray\u00f3.<\/p>\n<p>&nbsp;<\/p>\n<p>Y ya hablando de lo que vendr\u00e1, el realizador audiovisual coment\u00f3 que \u201chabr\u00e1 un largo periplo de la pel\u00edcula por muchos festivales\u201d, aunque remarc\u00f3 que \u201cvamos a poner mucha energ\u00eda en Concordia\u201d.<\/p>\n<p>&nbsp;<\/p>\n<p>&nbsp;<\/p>\n<p>&nbsp;<\/p>\n<p>&nbsp;<\/p>\n<p>&nbsp;<\/p>\n<p>&nbsp;<\/p>\n<p><strong>Trama<\/strong><\/p>\n<p>Consultado por las l\u00edneas centrales del argumento, Herzog aclar\u00f3 que \u201clos que vieron \u201cOasis\u201d, de Danilo Lavigne, ver\u00e1n que ah\u00ed est\u00e1 el germen de esta pel\u00edcula\u201d.<\/p>\n<p>En ese marco, el cineasta puso el acento en la poderosa relaci\u00f3n establecida entre la vida de Antoine de Saint-Exup\u00e9ry, la familia Fuchs y la ciudad de Concordia.<\/p>\n<p>&nbsp;<\/p>\n<p>\u201cEs una historia de amor, en todo sentido: o sea, algo m\u00e1s profundo que lo usualmente entendemos por una historia de amor\u201d, puntualiz\u00f3.<\/p>\n<p>&nbsp;<\/p>\n<p>&nbsp;<\/p>\n<p>&nbsp;<\/p>\n<p>&nbsp;<\/p>\n<p>&nbsp;<\/p>\n<p>&nbsp;<\/p>\n<p>&nbsp;<\/p>\n<p><strong>T\u00edtulo<\/strong><\/p>\n<p>Herzog explic\u00f3 que el t\u00edtulo reviste a aspectos metaf\u00f3ricos, aunque \u201ctiene que ver con la obra que \u00e9l escribi\u00f3 en Argentina\u201d. \u201cPero sobre todo tambi\u00e9n, tiene que ver con el hecho de la fantas\u00eda, de volar de noche, con una actitud de bohemia\u201d, explic\u00f3.<\/p>\n<p>&nbsp;<\/p>\n<p>Para el cineasta, \u201cla pel\u00edcula tiene que ver con la inspiraci\u00f3n; en la forma en la que uno sublima, las cosas de la vida\u201d. En ese juego intrincado entre fantas\u00eda y realidad, emerge la figura del escritor, pero tambi\u00e9n la del aviador, la del amante: la del hombre, en definitiva.<\/p>\n<p>&nbsp;<\/p>\n<p>\u201cNo sabemos muy bien qu\u00e9 pas\u00f3 con \u00e9l: con las chicas, con su familia\u201d, aclar\u00f3 Herzog. Pero s\u00ed, \u201csabemos que era un bohemio, un escritor a tiempo completo; adem\u00e1s de aviador, con muchos amores\u201d.<\/p>\n<p>&nbsp;<\/p>\n<p>En su figura, \u201cel volar y la escritura, siempre estuvieron muy relacionados\u201d, asever\u00f3 el realizador. Agregando que \u201cen ese sentido, nos parec\u00eda que ese t\u00edtulo dejaba una zona abierta a la interpretaci\u00f3n\u201d.<\/p>\n","protected":false},"excerpt":{"rendered":"<p>\u201cArranqu\u00e9 queriendo hacer una pel\u00edcula sobre el libro m\u00e1s le\u00eddo del planeta y me sali\u00f3 una historia de amor imposible\u201d, adelant\u00f3 el realizador Nicol\u00e1s Herzog. El film &#8220;Vuelo Nocturno&#8221; ser\u00e1 estrenado en el Festival de Cine de Mar del Plata &nbsp; &nbsp; &nbsp; &nbsp; &nbsp; \u201cVuelo Nocturno\u201d se llama el trabajo en cuesti\u00f3n. El realizador explic\u00f3 que una serie de grabaciones que Antoine de Saint-Exup\u00e9ry le envi\u00f3 al cineasta Jean Renoir durante 1941, son el punto de partida para reconstruir la historia de amor que uni\u00f3 al escritor y aviador&#8230;<\/p>\n","protected":false},"author":3,"featured_media":4547,"comment_status":"closed","ping_status":"closed","sticky":false,"template":"","format":"standard","meta":[],"categories":[9],"tags":[],"_links":{"self":[{"href":"https:\/\/www.actualidadadiario.com\/index.php\/wp-json\/wp\/v2\/posts\/4546"}],"collection":[{"href":"https:\/\/www.actualidadadiario.com\/index.php\/wp-json\/wp\/v2\/posts"}],"about":[{"href":"https:\/\/www.actualidadadiario.com\/index.php\/wp-json\/wp\/v2\/types\/post"}],"author":[{"embeddable":true,"href":"https:\/\/www.actualidadadiario.com\/index.php\/wp-json\/wp\/v2\/users\/3"}],"replies":[{"embeddable":true,"href":"https:\/\/www.actualidadadiario.com\/index.php\/wp-json\/wp\/v2\/comments?post=4546"}],"version-history":[{"count":1,"href":"https:\/\/www.actualidadadiario.com\/index.php\/wp-json\/wp\/v2\/posts\/4546\/revisions"}],"predecessor-version":[{"id":4548,"href":"https:\/\/www.actualidadadiario.com\/index.php\/wp-json\/wp\/v2\/posts\/4546\/revisions\/4548"}],"wp:featuredmedia":[{"embeddable":true,"href":"https:\/\/www.actualidadadiario.com\/index.php\/wp-json\/wp\/v2\/media\/4547"}],"wp:attachment":[{"href":"https:\/\/www.actualidadadiario.com\/index.php\/wp-json\/wp\/v2\/media?parent=4546"}],"wp:term":[{"taxonomy":"category","embeddable":true,"href":"https:\/\/www.actualidadadiario.com\/index.php\/wp-json\/wp\/v2\/categories?post=4546"},{"taxonomy":"post_tag","embeddable":true,"href":"https:\/\/www.actualidadadiario.com\/index.php\/wp-json\/wp\/v2\/tags?post=4546"}],"curies":[{"name":"wp","href":"https:\/\/api.w.org\/{rel}","templated":true}]}}