{"id":4536,"date":"2016-11-15T10:08:27","date_gmt":"2016-11-15T13:08:27","guid":{"rendered":"http:\/\/actualidadadiario.com\/site\/?p=4536"},"modified":"2016-11-15T10:08:27","modified_gmt":"2016-11-15T13:08:27","slug":"continuan-las-capacitaciones-por-la-ley-de-agroquimicos","status":"publish","type":"post","link":"https:\/\/www.actualidadadiario.com\/index.php\/2016\/11\/15\/continuan-las-capacitaciones-por-la-ley-de-agroquimicos\/","title":{"rendered":"Contin\u00faan las capacitaciones por la Ley de agroqu\u00edmicos"},"content":{"rendered":"<p><em><strong>En el marco de la aplicaci\u00f3n de la Ley N\u00ba 6.599 de Agroqu\u00edmicos, contin\u00faa el programa de capacitaci\u00f3n que est\u00e1 dirigido tanto para personal dedicado a la aplicaci\u00f3n de estos productos como para autoridades entre las que se cuentan a intendentes, presidentes de Juntas de Gobierno, concejales y fuerzas policiales<\/strong><\/em><\/p>\n<p>&nbsp;<\/p>\n<p>&nbsp;<\/p>\n<p>&nbsp;<\/p>\n<p>&nbsp;<\/p>\n<p>&nbsp;<\/p>\n<p>&nbsp;<\/p>\n<p>Para esta semana, est\u00e1n previstas las dos instancias que se dan en el marco de las acciones desarrolladas en esta gesti\u00f3n para la regulaci\u00f3n del uso de agroqu\u00edmicos, con el objetivo de actualizar informaci\u00f3n t\u00e9cnica y profundizar la aplicaci\u00f3n de la Ley vigente.<\/p>\n<p>&nbsp;<\/p>\n<p>La primera de ellas es una capacitaci\u00f3n para operarios y auxiliares de equipos pulverizadores y est\u00e1 a cargo de t\u00e9cnicos de la Universidad Nacional de Entre R\u00edos. La misma se desarrollar\u00e1 el pr\u00f3ximo mi\u00e9rcoles 16 de noviembre, en el Sal\u00f3n Auditorium de la ciudad de Chajar\u00ed, Belgrano 2.495. Se ha establecido el horario de las acreditaciones a las 8.30 para dar comienzo el curso a las 9 horas.<\/p>\n<p>&nbsp;<\/p>\n<p>La segunda capacitaci\u00f3n programa para esta semana est\u00e1 dirigida a intendentes, presidentes de juntas de gobierno, concejales y fuerzas judiciales y est\u00e1 a cargo de la Universidad de Concepci\u00f3n del Uruguay.<\/p>\n<p>&nbsp;<\/p>\n<p>La misma tendr\u00e1 lugar el jueves 17 de Noviembre, a las 9 horas, en el Centro C\u00edvico de la ciudad de Concordia, ubicado en Pellegrini y Mitre, 4to. piso, y est\u00e1 destinada a funcionarios de los departamentos de Concordia y Federaci\u00f3n.<\/p>\n<p>&nbsp;<\/p>\n<p>Estas capacitaciones son gratuitas y se desarrollan en el marco de un Convenio firmado entre el Ministerio de Producci\u00f3n de Entre R\u00edos y la Facultad de Ciencias Agrarias de la Universidad de Concepci\u00f3n del Uruguay con el objeto de brindarles los conocimientos necesarios para la correcta confecci\u00f3n de Ordenanzas Municipales y el correcto desempe\u00f1o ante casos de pulverizaciones\/denuncias y dem\u00e1s cuestiones referidas a la tem\u00e1tica.<\/p>\n","protected":false},"excerpt":{"rendered":"<p>En el marco de la aplicaci\u00f3n de la Ley N\u00ba 6.599 de Agroqu\u00edmicos, contin\u00faa el programa de capacitaci\u00f3n que est\u00e1 dirigido tanto para personal dedicado a la aplicaci\u00f3n de estos productos como para autoridades entre las que se cuentan a intendentes, presidentes de Juntas de Gobierno, concejales y fuerzas policiales &nbsp; &nbsp; &nbsp; &nbsp; &nbsp; &nbsp; Para esta semana, est\u00e1n previstas las dos instancias que se dan en el marco de las acciones desarrolladas en esta gesti\u00f3n para la regulaci\u00f3n del uso de agroqu\u00edmicos, con el objetivo de actualizar informaci\u00f3n&#8230;<\/p>\n","protected":false},"author":3,"featured_media":4537,"comment_status":"closed","ping_status":"closed","sticky":false,"template":"","format":"standard","meta":[],"categories":[15],"tags":[],"_links":{"self":[{"href":"https:\/\/www.actualidadadiario.com\/index.php\/wp-json\/wp\/v2\/posts\/4536"}],"collection":[{"href":"https:\/\/www.actualidadadiario.com\/index.php\/wp-json\/wp\/v2\/posts"}],"about":[{"href":"https:\/\/www.actualidadadiario.com\/index.php\/wp-json\/wp\/v2\/types\/post"}],"author":[{"embeddable":true,"href":"https:\/\/www.actualidadadiario.com\/index.php\/wp-json\/wp\/v2\/users\/3"}],"replies":[{"embeddable":true,"href":"https:\/\/www.actualidadadiario.com\/index.php\/wp-json\/wp\/v2\/comments?post=4536"}],"version-history":[{"count":1,"href":"https:\/\/www.actualidadadiario.com\/index.php\/wp-json\/wp\/v2\/posts\/4536\/revisions"}],"predecessor-version":[{"id":4538,"href":"https:\/\/www.actualidadadiario.com\/index.php\/wp-json\/wp\/v2\/posts\/4536\/revisions\/4538"}],"wp:featuredmedia":[{"embeddable":true,"href":"https:\/\/www.actualidadadiario.com\/index.php\/wp-json\/wp\/v2\/media\/4537"}],"wp:attachment":[{"href":"https:\/\/www.actualidadadiario.com\/index.php\/wp-json\/wp\/v2\/media?parent=4536"}],"wp:term":[{"taxonomy":"category","embeddable":true,"href":"https:\/\/www.actualidadadiario.com\/index.php\/wp-json\/wp\/v2\/categories?post=4536"},{"taxonomy":"post_tag","embeddable":true,"href":"https:\/\/www.actualidadadiario.com\/index.php\/wp-json\/wp\/v2\/tags?post=4536"}],"curies":[{"name":"wp","href":"https:\/\/api.w.org\/{rel}","templated":true}]}}