{"id":4527,"date":"2016-11-15T10:05:51","date_gmt":"2016-11-15T13:05:51","guid":{"rendered":"http:\/\/actualidadadiario.com\/site\/?p=4527"},"modified":"2016-11-15T10:05:51","modified_gmt":"2016-11-15T13:05:51","slug":"entre-rios-quiere-habilitar-los-puertos-para-buques-de-ultramar","status":"publish","type":"post","link":"https:\/\/www.actualidadadiario.com\/index.php\/2016\/11\/15\/entre-rios-quiere-habilitar-los-puertos-para-buques-de-ultramar\/","title":{"rendered":"Entre R\u00edos quiere habilitar los puertos para buques de ultramar"},"content":{"rendered":"<p><em><strong>Gustavo Bordet particip\u00f3 de la segunda Reuni\u00f3n Binacional de gobernadores argentinos y paraguayos de la Frontera Com\u00fan, que se realiz\u00f3 en Encarnaci\u00f3n. El gobierno entrerriano apunta a la habilitaci\u00f3n de los puertos para los buques de ultramar, a incrementar el transporte fluvial y reducir costos log\u00edsticos que permitan hacer m\u00e1s competitiva la producci\u00f3n local en mercados internacionales<\/strong><\/em><\/p>\n<p>&nbsp;<\/p>\n<p>&nbsp;<\/p>\n<p>&nbsp;<\/p>\n<p>&nbsp;<\/p>\n<p>&nbsp;<\/p>\n<p>&nbsp;<\/p>\n<p>Los gobernadores de las provincias argentinas y de los Departamentos paraguayos subrayaron la importancia de avanzar en acuerdos que favorezcan la armonizaci\u00f3n de criterios respecto a los sistemas de transporte y de mecanismos de control m\u00e1s eficientes.<\/p>\n<p>&nbsp;<\/p>\n<p>Manifestaron su inter\u00e9s y apoyo a la conformaci\u00f3n de una instancia bilateral de transporte para coordinar todos los temas relacionados con las diversas modalidades de transporte vial, ferroviario y fluvial entre los dos pa\u00edses, el funcionamiento de los cruces fronterizos y desarrollo de la log\u00edstica.<\/p>\n<p>&nbsp;<\/p>\n<p>Bordet comparti\u00f3 junto a sus pares argentinos de Chaco, Domingo Peppo, de Corrientes, Ricardo Colombi, de Formosa, Gildo Insfr\u00e1n, y de Misiones, Hugo Passalacqua, un encuentro de trabajo con una decena de gobernadores de departamentos paraguayos, y el canciller nacional paraguayo Eladio Loizaga.<\/p>\n<p>&nbsp;<\/p>\n<p>&#8220;Nos interesa mucho la hidrov\u00eda del r\u00edo Paran\u00e1 y estamos en la b\u00fasqueda de habilitaciones de puertos entrerrianos para buques de ultramar. En esto es muy importante poder desarrollar propuestas, pero tambi\u00e9n hay otros temas en agenda y que tienen que ver con nuestras fronteras y con la integraci\u00f3n que es sumamente necesaria en nuestra regi\u00f3n&#8221;, explic\u00f3 Bordet.<\/p>\n<p>&nbsp;<\/p>\n<p>\u201cEntendemos que la \u00fanica forma de poder llevar adelante nuestros objetivos es trabajando coordinadamente las provincias con el gobierno nacional y tambi\u00e9n relacion\u00e1ndonos con nuestros hermanos de pa\u00edses vecinos. Porque ah\u00ed est\u00e1 la clave: poder apoyarnos en la fortaleza de cada uno para encontrar los objetivos comunes que tiendan a nuestro desarrollo\u201d, puntualiz\u00f3 el entrerriano, acompa\u00f1ado por el ministro de Econom\u00eda, Hugo Ballay y el presidente del Ente de Regi\u00f3n Centro e Integraci\u00f3n Regional, Pablo Biaggini, y el presidente del Instituto Portuario, Leonardo Cabrera.<\/p>\n<p>&nbsp;<\/p>\n<p>Interesa al gobierno entrerriano darle un nuevo impulso a la hidrov\u00eda del r\u00edo Paran\u00e1 para incrementar el transporte fluvial y reducir costos log\u00edsticos que permitir\u00e1n hacer m\u00e1s competitiva la producci\u00f3n local en mercados internacionales. De hecho, este fue uno de los temas centrales que Bordet abord\u00f3 con el presidente paraguayo durante la visita del entrerriano a Asunci\u00f3n en abril de este a\u00f1o. All\u00ed definieron la conformaci\u00f3n de equipos t\u00e9cnicos para avanzar sobre la operatividad de las estaciones fluviales, particularmente el potencial del Puerto Ibicuy.<\/p>\n<p>&nbsp;<\/p>\n<p>\u201cConsideramos estrat\u00e9gico poder trabajar en la profundizaci\u00f3n del transporte fluvial. Sabemos que Paraguay es una potencia en ese sentido, que tiene la tercera flota fluvial del mundo y nosotros en Entre R\u00edos tenemos puertos que queremos ponerlos operativos y poder de ese modo ofrecer menores costos log\u00edsticos para operar con los buques cargueros y tambi\u00e9n con barcazas que transitan cotidianamente por la Hidrov\u00eda\u201d, explic\u00f3 el mandatario.<\/p>\n<p>&nbsp;<\/p>\n<p>\u201cEntre R\u00edos est\u00e1 rodeada por dos de los r\u00edos m\u00e1s caudalosos del mundo, el Uruguay, por un lado; y el Paran\u00e1, por el otro. Nosotros ponemos a disposici\u00f3n nuestros puertos para operar y estamos trabajando en el sur de nuestra provincia en el desarrollo de un puerto de ultramar, que es Ibicuy, que tiene un calado natural de 34 pies sin necesidad de dragar y que podr\u00eda ser un buen destino final para muchos productos exportables generando mejores costos y oportunidades para que se reduzcan de este modo los fletes\u201d, agreg\u00f3 el gobernador.<\/p>\n<p>&nbsp;<\/p>\n<p>\u201cVemos con mucha expectativa todas las relaciones bilaterales que estamos llevando a cabo con pa\u00edses hermanos, como Paraguay, como Uruguay. Estamos en un momento de una enorme oportunidad\u201d, expres\u00f3 Bordet.<\/p>\n<p>&nbsp;<\/p>\n<p>El encuentro de gobernadores permiti\u00f3 analizar y revisar los principales temas de la agenda subnacional de las provincias y departamentos lim\u00edtrofes. El gobierno impulsa como temas prioritarios para debatir la situaci\u00f3n ambiental, la salud y las acciones de prevenci\u00f3n a las enfermedades como el dengue, chikungunya y zika, e infraestructura fronteriza, haciendo hincapi\u00e9 en la hidrov\u00eda, rutas y puentes.<\/p>\n","protected":false},"excerpt":{"rendered":"<p>Gustavo Bordet particip\u00f3 de la segunda Reuni\u00f3n Binacional de gobernadores argentinos y paraguayos de la Frontera Com\u00fan, que se realiz\u00f3 en Encarnaci\u00f3n. El gobierno entrerriano apunta a la habilitaci\u00f3n de los puertos para los buques de ultramar, a incrementar el transporte fluvial y reducir costos log\u00edsticos que permitan hacer m\u00e1s competitiva la producci\u00f3n local en mercados internacionales &nbsp; &nbsp; &nbsp; &nbsp; &nbsp; &nbsp; Los gobernadores de las provincias argentinas y de los Departamentos paraguayos subrayaron la importancia de avanzar en acuerdos que favorezcan la armonizaci\u00f3n de criterios respecto a los&#8230;<\/p>\n","protected":false},"author":3,"featured_media":4528,"comment_status":"closed","ping_status":"closed","sticky":false,"template":"","format":"standard","meta":[],"categories":[9],"tags":[],"_links":{"self":[{"href":"https:\/\/www.actualidadadiario.com\/index.php\/wp-json\/wp\/v2\/posts\/4527"}],"collection":[{"href":"https:\/\/www.actualidadadiario.com\/index.php\/wp-json\/wp\/v2\/posts"}],"about":[{"href":"https:\/\/www.actualidadadiario.com\/index.php\/wp-json\/wp\/v2\/types\/post"}],"author":[{"embeddable":true,"href":"https:\/\/www.actualidadadiario.com\/index.php\/wp-json\/wp\/v2\/users\/3"}],"replies":[{"embeddable":true,"href":"https:\/\/www.actualidadadiario.com\/index.php\/wp-json\/wp\/v2\/comments?post=4527"}],"version-history":[{"count":1,"href":"https:\/\/www.actualidadadiario.com\/index.php\/wp-json\/wp\/v2\/posts\/4527\/revisions"}],"predecessor-version":[{"id":4529,"href":"https:\/\/www.actualidadadiario.com\/index.php\/wp-json\/wp\/v2\/posts\/4527\/revisions\/4529"}],"wp:featuredmedia":[{"embeddable":true,"href":"https:\/\/www.actualidadadiario.com\/index.php\/wp-json\/wp\/v2\/media\/4528"}],"wp:attachment":[{"href":"https:\/\/www.actualidadadiario.com\/index.php\/wp-json\/wp\/v2\/media?parent=4527"}],"wp:term":[{"taxonomy":"category","embeddable":true,"href":"https:\/\/www.actualidadadiario.com\/index.php\/wp-json\/wp\/v2\/categories?post=4527"},{"taxonomy":"post_tag","embeddable":true,"href":"https:\/\/www.actualidadadiario.com\/index.php\/wp-json\/wp\/v2\/tags?post=4527"}],"curies":[{"name":"wp","href":"https:\/\/api.w.org\/{rel}","templated":true}]}}