{"id":4524,"date":"2016-11-15T10:05:01","date_gmt":"2016-11-15T13:05:01","guid":{"rendered":"http:\/\/actualidadadiario.com\/site\/?p=4524"},"modified":"2016-11-15T10:05:01","modified_gmt":"2016-11-15T13:05:01","slug":"el-2016-podria-convertirse-en-el-ano-mas-calido-que-haya-sido-registrado-en-la-historia-humana","status":"publish","type":"post","link":"https:\/\/www.actualidadadiario.com\/index.php\/2016\/11\/15\/el-2016-podria-convertirse-en-el-ano-mas-calido-que-haya-sido-registrado-en-la-historia-humana\/","title":{"rendered":"El 2016 podr\u00eda convertirse en el a\u00f1o m\u00e1s c\u00e1lido que haya sido registrado en la historia humana"},"content":{"rendered":"<p><em><strong>La Organizaci\u00f3n Meteorol\u00f3gica Mundial (OMM) public\u00f3 un reporte alarmante ante las altas temperaturas registradas en lo que va del a\u00f1o en distintos puntos del globo<\/strong><\/em><\/p>\n<p>&nbsp;<\/p>\n<p>&nbsp;<\/p>\n<p>&nbsp;<\/p>\n<p>&nbsp;<\/p>\n<p>&nbsp;<\/p>\n<p>Despu\u00e9s de que el \u00faltimo 4 de noviembre fuera considerado un d\u00eda hist\u00f3rico al ser el primer paso de concientizaci\u00f3n pol\u00edtica sobre la importancia de hacer una modificaci\u00f3n radical en la emisi\u00f3n de gases de efecto invernadero, con la entrada en vigor del dilatado Acuerdo de Par\u00eds, el triunfo de Donald Trump gener\u00f3 incertidumbres sobre la posici\u00f3n de Estados Unidos ante este cambio global.<\/p>\n<p>&nbsp;<\/p>\n<p>La Organizaci\u00f3n Meteorol\u00f3gica Mundial (OMM) public\u00f3 un reporte en el que destac\u00f3: &#8220;Es muy probable que 2016 sea el a\u00f1o m\u00e1s c\u00e1lido del que se tenga constancia, y las temperaturas mundiales ser\u00e1n a\u00fan m\u00e1s elevadas que las temperaturas sin precedentes registradas en 2015. Los datos preliminares indican que el aumento de la temperatura mundial de 2016 ser\u00e1 de aproximadamente 1,2\u00b0C por encima de los niveles preindustriales&#8221;.<\/p>\n<p>&nbsp;<\/p>\n<p>El trabajo que se hizo p\u00fablico el d\u00eda domingo, sostiene que\u00a0 de enero a septiembre pasado las temperaturas fueron superiores en 0,88\u00b0C a la media (14 \u00b0C) del per\u00edodo comprendido entre 1961 y 1990, que la OMM utiliza como valor de referencia ya que antes no se tienen c\u00f3mputos o los datos existentes no son precisos.<\/p>\n<p>&nbsp;<\/p>\n<p>&#8220;Un nuevo a\u00f1o, un nuevo r\u00e9cord. Se prev\u00e9 que en 2016 se superar\u00e1n las altas temperaturas registradas en 2015&#8221;, afirm\u00f3 Petteri Taalas, Secretario General de la OMM y remarc\u00f3: &#8220;El calor adicional procedente del intenso episodio de El Ni\u00f1o ha desaparecido, pero el calor que se desprende del calentamiento global continuar\u00e1&#8221;.<\/p>\n<p>&nbsp;<\/p>\n<p>Las temperaturas se encuentran en un nivel lo suficientemente elevado en 2016 como para que constituya el a\u00f1o m\u00e1s c\u00e1lido jam\u00e1s registrado, lo cual significa que 16 de los 17 a\u00f1os m\u00e1s c\u00e1lidos de que se tiene constancia corresponden al presente siglo (1998 fue el otro).<\/p>\n<p>&nbsp;<\/p>\n<p>Las concentraciones de los principales gases de efecto invernadero en la atm\u00f3sfera contin\u00faan aumentando y alcanzan niveles sin precedentes. Los hielos marinos del \u00c1rtico permanecieron en niveles muy bajos y se observ\u00f3 un nivel de deshielo importante y especialmente precoz en la capa de hielo de Groenlandia.<\/p>\n<p>&nbsp;<\/p>\n<p>&#8220;Hasta la fecha, el fen\u00f3meno m\u00e1s mort\u00edfero de 2016 ha sido el hurac\u00e1n Matthew, que provoc\u00f3 la emergencia humanitaria m\u00e1s grave de Hait\u00ed desde el terremoto de 2010. A lo largo del a\u00f1o, los fen\u00f3menos meteorol\u00f3gicos extremos han causado p\u00e9rdidas socioecon\u00f3micas considerables en todas las regiones del mundo&#8221;, detalla el trabajo de la OMM.<\/p>\n<p>&nbsp;<\/p>\n<p>El d\u00eda de ma\u00f1ana, 15 de noviembre,\u00a0 ser\u00e1 clave ya que se reunir\u00e1 el plenario de los 197 pa\u00edses que firmaron el Acuerdo de Par\u00eds &#8211; por primera vez- en diciembre del a\u00f1o pasado. Hasta ahora ya lo han ratificado 109, raz\u00f3n por la cual el tratado entr\u00f3 en vigor el 4 de este mes, aunque se teme que la pol\u00edtica de Donald Trump represente un cambio de posici\u00f3n respecto a la de Barack Obama en el tema.<\/p>\n","protected":false},"excerpt":{"rendered":"<p>La Organizaci\u00f3n Meteorol\u00f3gica Mundial (OMM) public\u00f3 un reporte alarmante ante las altas temperaturas registradas en lo que va del a\u00f1o en distintos puntos del globo &nbsp; &nbsp; &nbsp; &nbsp; &nbsp; Despu\u00e9s de que el \u00faltimo 4 de noviembre fuera considerado un d\u00eda hist\u00f3rico al ser el primer paso de concientizaci\u00f3n pol\u00edtica sobre la importancia de hacer una modificaci\u00f3n radical en la emisi\u00f3n de gases de efecto invernadero, con la entrada en vigor del dilatado Acuerdo de Par\u00eds, el triunfo de Donald Trump gener\u00f3 incertidumbres sobre la posici\u00f3n de Estados Unidos&#8230;<\/p>\n","protected":false},"author":3,"featured_media":4525,"comment_status":"closed","ping_status":"closed","sticky":false,"template":"","format":"standard","meta":[],"categories":[4],"tags":[],"_links":{"self":[{"href":"https:\/\/www.actualidadadiario.com\/index.php\/wp-json\/wp\/v2\/posts\/4524"}],"collection":[{"href":"https:\/\/www.actualidadadiario.com\/index.php\/wp-json\/wp\/v2\/posts"}],"about":[{"href":"https:\/\/www.actualidadadiario.com\/index.php\/wp-json\/wp\/v2\/types\/post"}],"author":[{"embeddable":true,"href":"https:\/\/www.actualidadadiario.com\/index.php\/wp-json\/wp\/v2\/users\/3"}],"replies":[{"embeddable":true,"href":"https:\/\/www.actualidadadiario.com\/index.php\/wp-json\/wp\/v2\/comments?post=4524"}],"version-history":[{"count":1,"href":"https:\/\/www.actualidadadiario.com\/index.php\/wp-json\/wp\/v2\/posts\/4524\/revisions"}],"predecessor-version":[{"id":4526,"href":"https:\/\/www.actualidadadiario.com\/index.php\/wp-json\/wp\/v2\/posts\/4524\/revisions\/4526"}],"wp:featuredmedia":[{"embeddable":true,"href":"https:\/\/www.actualidadadiario.com\/index.php\/wp-json\/wp\/v2\/media\/4525"}],"wp:attachment":[{"href":"https:\/\/www.actualidadadiario.com\/index.php\/wp-json\/wp\/v2\/media?parent=4524"}],"wp:term":[{"taxonomy":"category","embeddable":true,"href":"https:\/\/www.actualidadadiario.com\/index.php\/wp-json\/wp\/v2\/categories?post=4524"},{"taxonomy":"post_tag","embeddable":true,"href":"https:\/\/www.actualidadadiario.com\/index.php\/wp-json\/wp\/v2\/tags?post=4524"}],"curies":[{"name":"wp","href":"https:\/\/api.w.org\/{rel}","templated":true}]}}