{"id":4515,"date":"2016-11-15T10:00:27","date_gmt":"2016-11-15T13:00:27","guid":{"rendered":"http:\/\/actualidadadiario.com\/site\/?p=4515"},"modified":"2016-11-15T10:00:27","modified_gmt":"2016-11-15T13:00:27","slug":"cena-de-paz-entre-macri-y-carrio-con-juliana-como-cocinera-y-menu-especial","status":"publish","type":"post","link":"https:\/\/www.actualidadadiario.com\/index.php\/2016\/11\/15\/cena-de-paz-entre-macri-y-carrio-con-juliana-como-cocinera-y-menu-especial\/","title":{"rendered":"Cena de paz entre Macri y Carri\u00f3, con Juliana como cocinera y men\u00fa especial"},"content":{"rendered":"<p><em><strong>Se reunieron en la residencia presidencial tras una serie de mensajes cruzados sobre la necesidad de \u201ccambiar\u201d el modo de manejar la Justicia<\/strong><\/em><\/p>\n<p>&nbsp;<\/p>\n<p>&nbsp;<\/p>\n<p>&nbsp;<\/p>\n<p>&nbsp;<\/p>\n<p>El presidente de la Naci\u00f3n, Mauricio Macri, recibi\u00f3 anoche en la residencia de Olivos a su aliada en Cambiemos Elisa Carri\u00f3 tras una serie de mensajes cruzados sobre la necesidad de \u201ccambiar\u201d el modo de manejar la Justicia, de parte de la diputada de la Coalici\u00f3n C\u00edvica, y un llamado presidencial a superar \u201cpeque\u00f1as diferencias\u201d.<\/p>\n<p>&nbsp;<\/p>\n<p>Tambi\u00e9n asistieron a la reuni\u00f3n la Juliana Awada y el jefe de asesores de la Presidencia, Jos\u00e9 Torello, junto a su esposa. Seg\u00fan inform\u00f3 Presidencia, Carri\u00f3 lleg\u00f3 poco antes de las 20.30 a la Quinta.<\/p>\n<p>&nbsp;<\/p>\n<p>La Casa Rosada apunt\u00f3 adem\u00e1s que, &#8220;a pedido de la diputada, que cumple con un r\u00e9gimen especial&#8221;, la legisladora cen\u00f3 &#8220;una minuta preparada especialmente por Awada, quien incorpor\u00f3 al men\u00fa verduras de la huerta que ella misma construy\u00f3 en la Residencia&#8221;. &#8220;El primer plato consisti\u00f3 en sopa de remolacha, el plato principal fue pollo con hierbas acompa\u00f1ado por ensalada de verdes con palta y verduras grilladas, en tanto que de postre hubo frutas fileteadas&#8221;, detall\u00f3 un comunicado de Presidencia.<\/p>\n<p>&nbsp;<\/p>\n<p>Seg\u00fan la versi\u00f3n oficial, Macri le coment\u00f3 a Carri\u00f3 sobre la conversaci\u00f3n que mantuvo hoy con Donad Trump. Adem\u00e1s, comenta el texto de la Rosada, el Presidente y la legisladora &#8220;coincidieron en que 2017 ser\u00e1 un &#8216;gran a\u00f1o&#8217; para los argentinos y destacaron la confianza&#8221; de los inversores en el pa\u00eds. Tambi\u00e9n hablaron supuestamente de las expectativas de &#8220;un r\u00e9cord de cosecha el a\u00f1o que viene y una mejora en la ganader\u00eda&#8221; y de la necesidad de &#8220;seguir apoyando a las peque\u00f1as y medianas empresas que son las que generan la mayor cantidad de empleos en el pa\u00eds&#8221;.<\/p>\n<p>&nbsp;<\/p>\n<p>El s\u00e1bado por la noche, la legisladora hab\u00eda advertido en el programa de Mirtha Legrand que, en funci\u00f3n de gobierno, Cambiemos debe definir si \u201cvamos a profundizar el cambio en la Argentina o vamos a cambiar de mafia\u201d.<\/p>\n<p>&nbsp;<\/p>\n<p>Esta ma\u00f1ana, en Lan\u00fas, en un discurso de inauguraci\u00f3n de obras, el Presidente aludi\u00f3 a que \u201cno puede haber lugar para peque\u00f1as diferencias, ni para confrontaciones\u201d dentro del Gobierno, cuando \u201chay tanta gente que quiere recuperar la esperanza\u201d.<\/p>\n<p>&nbsp;<\/p>\n<p>La propia Carri\u00f3 hab\u00eda adelantado la reuni\u00f3n con Macri, tras haber cargado una vez m\u00e1s contra el presidente de Boca Juniors, Daniel Angelici, amigo del Presidente, a quien volvi\u00f3 a acusar de \u201coperar\u201d en la Justicia y calific\u00f3 como \u201cdelincuente\u201d, a la vez que reclam\u00f3 que \u201clos barras bravas no manejen la Rep\u00fablica\u201d. \u201cEsa es una resoluci\u00f3n que tiene que tomar Mauricio. El tiene que decidir si quiere hacer un cambio en serio, si lo quiere profundizar o en realidad quiere cambiar una mafia por otra\u201d, dispar\u00f3 la diputada.<\/p>\n<p>&nbsp;<\/p>\n<p>La semana pasada, en Montevideo, la diputada y otro amigo y asesor de Macri, el abogado Fabi\u00e1n \u201cPep\u00edn\u201d Rodr\u00edguez Sim\u00f3n, aparecieron en un video que subi\u00f3 a las redes la legisladora por el Parlasur, Mariana Zuvic, que chicaneaba al presidente de Boca: \u201cEsto es para Angelici que lo mira por TV\u201d, dec\u00eda Carri\u00f3. M\u00e1s all\u00e1 del \u201cChau, chau, presidente de Boca\u201d, dedicado tambi\u00e9n a Angelici, el video fustigaba adem\u00e1s al presidente de la Corte Suprema, Ricardo Lorenzetti y al juez Ariel Lijo.<\/p>\n","protected":false},"excerpt":{"rendered":"<p>Se reunieron en la residencia presidencial tras una serie de mensajes cruzados sobre la necesidad de \u201ccambiar\u201d el modo de manejar la Justicia &nbsp; &nbsp; &nbsp; &nbsp; El presidente de la Naci\u00f3n, Mauricio Macri, recibi\u00f3 anoche en la residencia de Olivos a su aliada en Cambiemos Elisa Carri\u00f3 tras una serie de mensajes cruzados sobre la necesidad de \u201ccambiar\u201d el modo de manejar la Justicia, de parte de la diputada de la Coalici\u00f3n C\u00edvica, y un llamado presidencial a superar \u201cpeque\u00f1as diferencias\u201d. &nbsp; Tambi\u00e9n asistieron a la reuni\u00f3n la Juliana&#8230;<\/p>\n","protected":false},"author":3,"featured_media":4516,"comment_status":"closed","ping_status":"closed","sticky":false,"template":"","format":"standard","meta":[],"categories":[18],"tags":[],"_links":{"self":[{"href":"https:\/\/www.actualidadadiario.com\/index.php\/wp-json\/wp\/v2\/posts\/4515"}],"collection":[{"href":"https:\/\/www.actualidadadiario.com\/index.php\/wp-json\/wp\/v2\/posts"}],"about":[{"href":"https:\/\/www.actualidadadiario.com\/index.php\/wp-json\/wp\/v2\/types\/post"}],"author":[{"embeddable":true,"href":"https:\/\/www.actualidadadiario.com\/index.php\/wp-json\/wp\/v2\/users\/3"}],"replies":[{"embeddable":true,"href":"https:\/\/www.actualidadadiario.com\/index.php\/wp-json\/wp\/v2\/comments?post=4515"}],"version-history":[{"count":1,"href":"https:\/\/www.actualidadadiario.com\/index.php\/wp-json\/wp\/v2\/posts\/4515\/revisions"}],"predecessor-version":[{"id":4517,"href":"https:\/\/www.actualidadadiario.com\/index.php\/wp-json\/wp\/v2\/posts\/4515\/revisions\/4517"}],"wp:featuredmedia":[{"embeddable":true,"href":"https:\/\/www.actualidadadiario.com\/index.php\/wp-json\/wp\/v2\/media\/4516"}],"wp:attachment":[{"href":"https:\/\/www.actualidadadiario.com\/index.php\/wp-json\/wp\/v2\/media?parent=4515"}],"wp:term":[{"taxonomy":"category","embeddable":true,"href":"https:\/\/www.actualidadadiario.com\/index.php\/wp-json\/wp\/v2\/categories?post=4515"},{"taxonomy":"post_tag","embeddable":true,"href":"https:\/\/www.actualidadadiario.com\/index.php\/wp-json\/wp\/v2\/tags?post=4515"}],"curies":[{"name":"wp","href":"https:\/\/api.w.org\/{rel}","templated":true}]}}