{"id":4512,"date":"2016-11-15T09:59:06","date_gmt":"2016-11-15T12:59:06","guid":{"rendered":"http:\/\/actualidadadiario.com\/site\/?p=4512"},"modified":"2016-11-15T09:59:06","modified_gmt":"2016-11-15T12:59:06","slug":"macri-blanquea-las-internas","status":"publish","type":"post","link":"https:\/\/www.actualidadadiario.com\/index.php\/2016\/11\/15\/macri-blanquea-las-internas\/","title":{"rendered":"Macri blanquea las internas"},"content":{"rendered":"<p><em><strong>El Presidente pidi\u00f3 abiertamente este lunes no hacer lugar &#8220;a peque\u00f1as diferencias ni confrontaciones&#8221;, en lo que incluy\u00f3 tambi\u00e9n a los &#8220;equipos nuestros&#8221;. Son insistentes las versiones del malestar del Presidente con el desempe\u00f1o de algunos de sus ministros, algo que habr\u00eda quedado confirmado con las expresiones de este 14\/11. La lentitud de la obra p\u00fablica, una clave<\/strong><\/em><\/p>\n<p>&nbsp;<\/p>\n<p>&nbsp;<\/p>\n<p>&nbsp;<\/p>\n<p>&nbsp;<\/p>\n<p>&nbsp;<\/p>\n<p>En los \u00faltimos d\u00edas fueron insistentes las versiones sobre las internas dentro del Gobierno y lejos de bajarles el tono el Presidente este lunes fue m\u00e1s all\u00e1: las confirm\u00f3.<\/p>\n<p>&nbsp;<\/p>\n<p>No habl\u00f3 de casos puntuales, pero Mauricio Macri puso sobre la mesa las diferencias que hay en su gabinete y de alguna forma blanque\u00f3 el malestar que le adjudican algunas cr\u00f3nicas en cuanto a la marcha de su gobierno.<\/p>\n<p>&nbsp;<\/p>\n<p>En Lan\u00fas, donde inaugur\u00f3 una planta depuradora, el jefe de Estado pidi\u00f3 que &#8220;cada d\u00eda m\u00e1s trabajemos todos tirando para el mismo lado&#8221; ya que cuando se trata de la gente esperando soluciones &#8220;no debe haber lugar para peque\u00f1as diferencias ni confrontaciones&#8221;.<\/p>\n<p>&nbsp;<\/p>\n<p>&#8220;No s\u00f3lo dentro de los equipos nuestros, de Aysa, del ministerio, del gobierno, ni con los intendentes, ni gobernadores, porque hay que cubrir todo el territorio argentino&#8221;, agreg\u00f3 para dejar en claro que el comentario tambi\u00e9n alcanzaba a su gobierno.<\/p>\n<p>&nbsp;<\/p>\n<p>\u00bfA qu\u00e9 confrontaciones internas se refiere el Presidente? En principio, todas las miradas apuntan a Elisa Carri\u00f3, co-fundadora de Cambiemos, quien no dej\u00f3 pasar la oportunidad que le dio la mesa de Mirtha Legrand para volver a disparar con munici\u00f3n gruesa contra Daniel Angelici, presidente de Boca, amigo de Macri y a quien denunci\u00f3 por presuntamente &#8220;operar&#8221; en tribunales. &#8220;Es un delincuente&#8221;, tir\u00f3 &#8216;Lilita&#8217;, sin anestesia, contra el binguero.<\/p>\n<p>&nbsp;<\/p>\n<p>A Carri\u00f3 tambi\u00e9n se la vio meneando la disputa entre Angelici y Fabi\u00e1n Rodr\u00edguez Sim\u00f3n -alias &#8216;Pep\u00edn&#8217;- otro todoterreno del Presidente al que Carri\u00f3 le dio su respaldo con una comentada foto dedicada al &#8216;Tano&#8217;.<\/p>\n<p>&nbsp;<\/p>\n<p>&nbsp;<\/p>\n<p>&nbsp;<\/p>\n<p>&nbsp;<\/p>\n<p>&nbsp;<\/p>\n<p>&nbsp;<\/p>\n<p>&nbsp;<\/p>\n<p><strong>En el gabinete<\/strong><\/p>\n<p>El malestar tambi\u00e9n alcanza -dicen- a varios integrantes del Gabinete.<\/p>\n<p>&nbsp;<\/p>\n<p>Uno de los se\u00f1alados es Daniel Cha\u00edn, secretario de Obras P\u00fablicas, a quien Macri le estar\u00eda reprochando lentitud en el avance de las construcciones estatales. No fue casual, entonces, que Macri prometiera este lunes inaugurar &#8220;una obra por d\u00eda&#8221; desde una planta de AySa, empresa de agua que le toca administrar a Cha\u00edn. Fue una presi\u00f3n para apurar la ejecuci\u00f3n de las obras.<\/p>\n<p>&nbsp;<\/p>\n<p>De acuerdo a lo que public\u00f3 d\u00edas atr\u00e1s el portal Big Bang News, adem\u00e1s de Cha\u00edn, el Presidente no estar\u00eda tan satisfecho con los desempe\u00f1os del ministro de la Producci\u00f3n, Francisco Cabrera; el de Transporte, Guillermo Dietrich; el de Salud, Alberto Lemus; y de Seguridad, Patricia Bullrich.<\/p>\n<p>&nbsp;<\/p>\n<p>Menos el de Bullrich, los nombre se repiten en un art\u00edculo fue tapa de Diario Perfil del domingo. Pero el bisemanario agrega adem\u00e1s al ministro de Medio Ambiente, Sergio Bergman. E incluso al jefe de Gabinete, Marcos Pe\u00f1a, de quien la nota dice que el Presidente &#8220;no lo critica de manera frontal&#8221;, sino a trav\u00e9s de &#8220;periodistas y empresarios de medios&#8221; a quien usa para que &#8220;le describan al jefe de Gabinete un pensamiento menos optimista de su parte&#8221;.<\/p>\n<p>&nbsp;<\/p>\n<p>&nbsp;<\/p>\n<p>&nbsp;<\/p>\n<p>&nbsp;<\/p>\n<p>&nbsp;<\/p>\n<p>&nbsp;<\/p>\n<p><strong>M\u00e1s malestar<\/strong><\/p>\n<p>Diario Perfil tambi\u00e9n habla de otras disputas, como la que se abri\u00f3 con la canciller Malcorra, tras la victoria de Donald Trump sobre Hillary Clinton, por la que apost\u00f3 el Gobierno. Tambi\u00e9n mencion\u00f3 un pase de factura al asesor ecuatoriano Jaime Dur\u00e1n Barba, quien hab\u00eda advertido sobre las posibilidades de Trump.<\/p>\n<p>&nbsp;<\/p>\n<p>El \u201ccaso Lousteau\u201d -se\u00f1ala la publicaci\u00f3n- tambi\u00e9n gener\u00f3 otro foco de conflicto por su decisi\u00f3n por acelerar su regreso a Buenos Aires para participar en la campa\u00f1a legislativa de la Ciudad, pero como el principal opositor a Cambiemos en el distrito.<\/p>\n<p>&nbsp;<\/p>\n<p>Otra interna tendr\u00eda como origen la victoria de Trump, por la que un sector del equipo econ\u00f3mico (espec\u00edficamente el ministerio de Alfonso Prat-Gay) impulsa la idea de adelantar la emisi\u00f3n de deuda antes de que eventualmente el gobierno republicano cambie las condiciones de las tasas de inter\u00e9s.<\/p>\n","protected":false},"excerpt":{"rendered":"<p>El Presidente pidi\u00f3 abiertamente este lunes no hacer lugar &#8220;a peque\u00f1as diferencias ni confrontaciones&#8221;, en lo que incluy\u00f3 tambi\u00e9n a los &#8220;equipos nuestros&#8221;. Son insistentes las versiones del malestar del Presidente con el desempe\u00f1o de algunos de sus ministros, algo que habr\u00eda quedado confirmado con las expresiones de este 14\/11. La lentitud de la obra p\u00fablica, una clave &nbsp; &nbsp; &nbsp; &nbsp; &nbsp; En los \u00faltimos d\u00edas fueron insistentes las versiones sobre las internas dentro del Gobierno y lejos de bajarles el tono el Presidente este lunes fue m\u00e1s all\u00e1:&#8230;<\/p>\n","protected":false},"author":3,"featured_media":4513,"comment_status":"closed","ping_status":"closed","sticky":false,"template":"","format":"standard","meta":[],"categories":[18],"tags":[],"_links":{"self":[{"href":"https:\/\/www.actualidadadiario.com\/index.php\/wp-json\/wp\/v2\/posts\/4512"}],"collection":[{"href":"https:\/\/www.actualidadadiario.com\/index.php\/wp-json\/wp\/v2\/posts"}],"about":[{"href":"https:\/\/www.actualidadadiario.com\/index.php\/wp-json\/wp\/v2\/types\/post"}],"author":[{"embeddable":true,"href":"https:\/\/www.actualidadadiario.com\/index.php\/wp-json\/wp\/v2\/users\/3"}],"replies":[{"embeddable":true,"href":"https:\/\/www.actualidadadiario.com\/index.php\/wp-json\/wp\/v2\/comments?post=4512"}],"version-history":[{"count":1,"href":"https:\/\/www.actualidadadiario.com\/index.php\/wp-json\/wp\/v2\/posts\/4512\/revisions"}],"predecessor-version":[{"id":4514,"href":"https:\/\/www.actualidadadiario.com\/index.php\/wp-json\/wp\/v2\/posts\/4512\/revisions\/4514"}],"wp:featuredmedia":[{"embeddable":true,"href":"https:\/\/www.actualidadadiario.com\/index.php\/wp-json\/wp\/v2\/media\/4513"}],"wp:attachment":[{"href":"https:\/\/www.actualidadadiario.com\/index.php\/wp-json\/wp\/v2\/media?parent=4512"}],"wp:term":[{"taxonomy":"category","embeddable":true,"href":"https:\/\/www.actualidadadiario.com\/index.php\/wp-json\/wp\/v2\/categories?post=4512"},{"taxonomy":"post_tag","embeddable":true,"href":"https:\/\/www.actualidadadiario.com\/index.php\/wp-json\/wp\/v2\/tags?post=4512"}],"curies":[{"name":"wp","href":"https:\/\/api.w.org\/{rel}","templated":true}]}}