{"id":4506,"date":"2016-11-15T09:56:21","date_gmt":"2016-11-15T12:56:21","guid":{"rendered":"http:\/\/actualidadadiario.com\/site\/?p=4506"},"modified":"2016-11-15T09:56:21","modified_gmt":"2016-11-15T12:56:21","slug":"lavagna-ya-tuvimos-este-modelo-economico-con-los-militares-y-en-los-90-no-da-resultados","status":"publish","type":"post","link":"https:\/\/www.actualidadadiario.com\/index.php\/2016\/11\/15\/lavagna-ya-tuvimos-este-modelo-economico-con-los-militares-y-en-los-90-no-da-resultados\/","title":{"rendered":"Lavagna: &#8220;Ya tuvimos este modelo econ\u00f3mico con los militares y en los 90, no da resultados&#8221;"},"content":{"rendered":"<p><em><strong>El ex ministro de Econom\u00eda, Roberto Lavagna, advirti\u00f3 ayer que el modelo econ\u00f3mico que lleva adelante el gobierno de Mauricio Macri no da resultados: &#8220;Ya hemos tenido este tipo de modelo, con los militares y en los a\u00f1os \u009290. No consigue dar resultados efectivos. Esperemos que haya tiempo de modificaciones y correcciones. Pero hoy, lentamente nos hemos ido deslizando como pa\u00eds hacia una pol\u00edtica que ya vivimos&#8221;<\/strong><\/em><\/p>\n<p>&nbsp;<\/p>\n<p>&nbsp;<\/p>\n<p>&nbsp;<\/p>\n<p>&nbsp;<\/p>\n<p>&nbsp;<\/p>\n<p>&nbsp;<\/p>\n<p>&nbsp;<\/p>\n<p>En declaraciones a radio La Red, el ex funcionario de los gobiernos de Ra\u00fal Alfons\u00edn, Fernando de la R\u00faa, Eduardo Duhalde y N\u00e9stor Kirchner y asesor econ\u00f3mico del Frente Renovador, cuestion\u00f3, entre otras cosas, la alta tasa de inter\u00e9s, la falta de competitividad y la baja en el poder adquisitivo.<\/p>\n<p>&nbsp;<\/p>\n<p>&#8220;No creo que pol\u00edticas con tasa de inter\u00e9s muy alta, con un d\u00f3lar fijo, planchado, que le quita competitividad al pa\u00eds, con una tendencia a la baja en la masa de los salarios, por la combinaci\u00f3n de sueldos y ocupaci\u00f3n, y con alto endeudamiento, sea el tipo de pol\u00edtica econ\u00f3mica adecuada para un programa de desarrollo a mediano plazo&#8221;, dijo.<\/p>\n<p>&nbsp;<\/p>\n<p>Lavagna, quien llev\u00f3 adelante la reestructuraci\u00f3n de la deuda en default durante el gobierno de Kirchner, advirti\u00f3 tambi\u00e9n en casi el a\u00f1o que lleva de gesti\u00f3n de Cambiemos, &#8220;el n\u00famero de argentinos en situaci\u00f3n de pobreza, lejos de bajar, ha tendido a subir&#8221;. Y respecto de la toma de deuda, record\u00f3 &#8220;lo que cost\u00f3 sacarse de encima esa piedra (el endeudamiento) que hab\u00eda quedado en 2001&#8221;.<\/p>\n<p>&nbsp;<\/p>\n<p>&nbsp;<\/p>\n<p>&nbsp;<\/p>\n<p>&nbsp;<\/p>\n<p>&nbsp;<\/p>\n<p>&nbsp;<\/p>\n<p>&nbsp;<\/p>\n<p>&nbsp;<\/p>\n<p><strong>Cuesta mucho trabajo<\/strong><\/p>\n<p>&#8220;Cuesta much\u00edsimo trabajo y esfuerzo social. En cambio, aumentar la deuda r\u00e1pidamente cuesta muy poco. Los que ganan con este dinero, son muy flexibles cuando les conviene, pero despu\u00e9s dejan un efecto muy negativo&#8221;, agreg\u00f3.<\/p>\n<p>&nbsp;<\/p>\n<p>Estim\u00f3 que 2017 &#8220;no deber\u00eda ser peor que 2016&#8221; ya que habr\u00e1 &#8220;alguna tasa de crecimiento positiva&#8221;, aunque aclar\u00f3 que &#8220;lo que se crezca, servir\u00e1 para cubrir la ca\u00edda del producto de este a\u00f1o&#8221;.<\/p>\n<p>&nbsp;<\/p>\n<p>Y asegur\u00f3 que Donald Trump como presidente de los EE.UU. &#8220;implicar\u00e1 un cambio a nivel internacional&#8221;, pero en el pa\u00eds: &#8220;Argentina no est\u00e1 en la primera l\u00ednea de impacto. Las cosas que ocurran van a ser 80% de factura estrictamente local&#8221;.<\/p>\n","protected":false},"excerpt":{"rendered":"<p>El ex ministro de Econom\u00eda, Roberto Lavagna, advirti\u00f3 ayer que el modelo econ\u00f3mico que lleva adelante el gobierno de Mauricio Macri no da resultados: &#8220;Ya hemos tenido este tipo de modelo, con los militares y en los a\u00f1os \u009290. No consigue dar resultados efectivos. Esperemos que haya tiempo de modificaciones y correcciones. Pero hoy, lentamente nos hemos ido deslizando como pa\u00eds hacia una pol\u00edtica que ya vivimos&#8221; &nbsp; &nbsp; &nbsp; &nbsp; &nbsp; &nbsp; &nbsp; En declaraciones a radio La Red, el ex funcionario de los gobiernos de Ra\u00fal Alfons\u00edn, Fernando&#8230;<\/p>\n","protected":false},"author":3,"featured_media":4507,"comment_status":"closed","ping_status":"closed","sticky":false,"template":"","format":"standard","meta":[],"categories":[18],"tags":[],"_links":{"self":[{"href":"https:\/\/www.actualidadadiario.com\/index.php\/wp-json\/wp\/v2\/posts\/4506"}],"collection":[{"href":"https:\/\/www.actualidadadiario.com\/index.php\/wp-json\/wp\/v2\/posts"}],"about":[{"href":"https:\/\/www.actualidadadiario.com\/index.php\/wp-json\/wp\/v2\/types\/post"}],"author":[{"embeddable":true,"href":"https:\/\/www.actualidadadiario.com\/index.php\/wp-json\/wp\/v2\/users\/3"}],"replies":[{"embeddable":true,"href":"https:\/\/www.actualidadadiario.com\/index.php\/wp-json\/wp\/v2\/comments?post=4506"}],"version-history":[{"count":1,"href":"https:\/\/www.actualidadadiario.com\/index.php\/wp-json\/wp\/v2\/posts\/4506\/revisions"}],"predecessor-version":[{"id":4508,"href":"https:\/\/www.actualidadadiario.com\/index.php\/wp-json\/wp\/v2\/posts\/4506\/revisions\/4508"}],"wp:featuredmedia":[{"embeddable":true,"href":"https:\/\/www.actualidadadiario.com\/index.php\/wp-json\/wp\/v2\/media\/4507"}],"wp:attachment":[{"href":"https:\/\/www.actualidadadiario.com\/index.php\/wp-json\/wp\/v2\/media?parent=4506"}],"wp:term":[{"taxonomy":"category","embeddable":true,"href":"https:\/\/www.actualidadadiario.com\/index.php\/wp-json\/wp\/v2\/categories?post=4506"},{"taxonomy":"post_tag","embeddable":true,"href":"https:\/\/www.actualidadadiario.com\/index.php\/wp-json\/wp\/v2\/tags?post=4506"}],"curies":[{"name":"wp","href":"https:\/\/api.w.org\/{rel}","templated":true}]}}