{"id":4503,"date":"2016-11-15T09:54:51","date_gmt":"2016-11-15T12:54:51","guid":{"rendered":"http:\/\/actualidadadiario.com\/site\/?p=4503"},"modified":"2016-11-15T09:54:51","modified_gmt":"2016-11-15T12:54:51","slug":"diciembre-va-a-ser-un-buen-mes-para-los-argentinos","status":"publish","type":"post","link":"https:\/\/www.actualidadadiario.com\/index.php\/2016\/11\/15\/diciembre-va-a-ser-un-buen-mes-para-los-argentinos\/","title":{"rendered":"&#8220;Diciembre va a ser un buen mes para los argentinos&#8221;"},"content":{"rendered":"<p><em><strong>El ministro del Interior, Rogelio Frigerio asegur\u00f3 en Cipolletti (R\u00edo Negro) que &#8220;diciembre va a ser un buen mes&#8221; y que &#8220;lo m\u00e1s importante de fin de a\u00f1o va a ser la esperanza de todos los argentinos&#8221;, al opinar acerca del panorama social que el Gobierno Nacional percibe en el pa\u00eds<\/strong><\/em><\/p>\n<p>&nbsp;<\/p>\n<p>&nbsp;<\/p>\n<p>&nbsp;<\/p>\n<p>&nbsp;<\/p>\n<p>&nbsp;<\/p>\n<p>&nbsp;<\/p>\n<p>&nbsp;<\/p>\n<p>Frigerio, en compa\u00f1\u00eda del gobernador de R\u00edo Negro, Alberto Weretilneck y el intendente de Cipolletti, An\u00edbal Tortoriello encabez\u00f3 la entrega de un plan de viviendas en esa ciudad.<\/p>\n<p>&nbsp;<\/p>\n<p>En declaraciones a la prensa, el titular de la cartera de Interior dijo que &#8220;estamos viendo que diciembre va a ser un buen mes y desde el punto de vista del turismo lo estamos recorriendo al pa\u00eds y este va a ser un muy buen verano en la Argentina&#8221;.<\/p>\n<p>&nbsp;<\/p>\n<p>&#8220;Desde el gobierno nacional tambi\u00e9n con los gobernadores y los intendentes estamos trabajando todos para acompa\u00f1ar a los sectores m\u00e1s vulnerables de la sociedad, pero entendemos que el Estado est\u00e1 presente&#8221;, dijo.<\/p>\n<p>&nbsp;<\/p>\n<p>Frigerio sostuvo que &#8220;estamos encontr\u00e1ndole la vuelta sobre todo a esta transici\u00f3n dif\u00edcil que hemos tenido que pasar todos los argentinos pero creo que lo m\u00e1s importante de fin de a\u00f1o va a ser la esperanza&#8221; y agreg\u00f3 que &#8220;a pesar de que muchos argentinos no la han pasado bien, todos o la gran mayor\u00eda tienen una gran esperanza respecto de lo que se viene en el futuro&#8221;.<\/p>\n<p>&nbsp;<\/p>\n<p>El ministro pronostic\u00f3 que &#8220;el a\u00f1o que viene ser\u00e1 un buen a\u00f1o para la Argentina; despu\u00e9s de cinco largos a\u00f1os de estancamiento vamos a volver a crecer, se va a generar empleo de calidad en nuestro pa\u00eds, se van a cristalizar las inversiones que empezaron a venir a la Argentina de la mano de la recuperaci\u00f3n de la confianza y eso va a ser que pasemos unas buenas fiestas y la posibilidad cierta de que la Argentina se ponga otra vez de pie&#8221;.<\/p>\n<p>&nbsp;<\/p>\n<p>En la ciudad de Cipolletti, en una tarde calurosa y con fuerte viento, el ministro Frigerio entreg\u00f3 73 viviendas construidas con financiamiento nacional junto al gobernador Weretilneck, con quien parti\u00f3 hacia San Carlos de Bariloche para completar su agenda en la provincia de R\u00edo Negro.<\/p>\n","protected":false},"excerpt":{"rendered":"<p>El ministro del Interior, Rogelio Frigerio asegur\u00f3 en Cipolletti (R\u00edo Negro) que &#8220;diciembre va a ser un buen mes&#8221; y que &#8220;lo m\u00e1s importante de fin de a\u00f1o va a ser la esperanza de todos los argentinos&#8221;, al opinar acerca del panorama social que el Gobierno Nacional percibe en el pa\u00eds &nbsp; &nbsp; &nbsp; &nbsp; &nbsp; &nbsp; &nbsp; Frigerio, en compa\u00f1\u00eda del gobernador de R\u00edo Negro, Alberto Weretilneck y el intendente de Cipolletti, An\u00edbal Tortoriello encabez\u00f3 la entrega de un plan de viviendas en esa ciudad. &nbsp; En declaraciones a&#8230;<\/p>\n","protected":false},"author":3,"featured_media":4504,"comment_status":"closed","ping_status":"closed","sticky":false,"template":"","format":"standard","meta":[],"categories":[18],"tags":[],"_links":{"self":[{"href":"https:\/\/www.actualidadadiario.com\/index.php\/wp-json\/wp\/v2\/posts\/4503"}],"collection":[{"href":"https:\/\/www.actualidadadiario.com\/index.php\/wp-json\/wp\/v2\/posts"}],"about":[{"href":"https:\/\/www.actualidadadiario.com\/index.php\/wp-json\/wp\/v2\/types\/post"}],"author":[{"embeddable":true,"href":"https:\/\/www.actualidadadiario.com\/index.php\/wp-json\/wp\/v2\/users\/3"}],"replies":[{"embeddable":true,"href":"https:\/\/www.actualidadadiario.com\/index.php\/wp-json\/wp\/v2\/comments?post=4503"}],"version-history":[{"count":1,"href":"https:\/\/www.actualidadadiario.com\/index.php\/wp-json\/wp\/v2\/posts\/4503\/revisions"}],"predecessor-version":[{"id":4505,"href":"https:\/\/www.actualidadadiario.com\/index.php\/wp-json\/wp\/v2\/posts\/4503\/revisions\/4505"}],"wp:featuredmedia":[{"embeddable":true,"href":"https:\/\/www.actualidadadiario.com\/index.php\/wp-json\/wp\/v2\/media\/4504"}],"wp:attachment":[{"href":"https:\/\/www.actualidadadiario.com\/index.php\/wp-json\/wp\/v2\/media?parent=4503"}],"wp:term":[{"taxonomy":"category","embeddable":true,"href":"https:\/\/www.actualidadadiario.com\/index.php\/wp-json\/wp\/v2\/categories?post=4503"},{"taxonomy":"post_tag","embeddable":true,"href":"https:\/\/www.actualidadadiario.com\/index.php\/wp-json\/wp\/v2\/tags?post=4503"}],"curies":[{"name":"wp","href":"https:\/\/api.w.org\/{rel}","templated":true}]}}