{"id":4500,"date":"2016-11-15T09:52:59","date_gmt":"2016-11-15T12:52:59","guid":{"rendered":"http:\/\/actualidadadiario.com\/site\/?p=4500"},"modified":"2016-11-15T09:52:59","modified_gmt":"2016-11-15T12:52:59","slug":"fin-de-la-tregua-en-venezuela-la-oposicion-reactivara-juicio-contra-maduro","status":"publish","type":"post","link":"https:\/\/www.actualidadadiario.com\/index.php\/2016\/11\/15\/fin-de-la-tregua-en-venezuela-la-oposicion-reactivara-juicio-contra-maduro\/","title":{"rendered":"Fin de la &#8220;tregua&#8221; en Venezuela: la oposici\u00f3n reactivar\u00e1 juicio contra Maduro"},"content":{"rendered":"<p><em><strong>El portavoz opositor Jes\u00fas Torrealba dijo hoy que debido a que el Gobierno venezolano &#8220;no cumpli\u00f3 como deber\u00eda&#8221; lo planteado en el di\u00e1logo nacional, el Parlamento retomar\u00e1 el debate para determinar la responsabilidad del presidente Nicol\u00e1s Maduro en la &#8220;ruptura del hilo constitucional&#8221; del pa\u00eds<\/strong><\/em><\/p>\n<p>&nbsp;<\/p>\n<p>&nbsp;<\/p>\n<p>&nbsp;<\/p>\n<p>&nbsp;<\/p>\n<p>&nbsp;<\/p>\n<p>&#8220;Se va a reactivar en los t\u00e9rminos que establece la Constituci\u00f3n de la Rep\u00fablica Bolivariana de Venezuela (&#8230;) la evaluaci\u00f3n de la responsabilidad pol\u00edtica del presidente de la Rep\u00fablica en esta crisis&#8221;, dijo Torrealba tras ser preguntado sobre el plazo que hab\u00edan dado al Gobierno para que cumpliera con sus demandas.<\/p>\n<p>&nbsp;<\/p>\n<p>En entrevista con el canal privado Globovisi\u00f3n, el secretario ejecutivo de la alianza opositora Mesa de la Unidad Democr\u00e1tica (MUD) indic\u00f3 que &#8220;la tregua&#8221; con el Gobierno se acab\u00f3 y que por ello ahora tambi\u00e9n se debe reactivar las acciones en la calle, debido a que el Gobierno &#8220;no cumpli\u00f3 como deber\u00eda&#8221;.<\/p>\n<p>&nbsp;<\/p>\n<p>El pasado 1 de noviembre el Parlamento acord\u00f3 posponer &#8220;por unos d\u00edas&#8221; el debate previsto para determinar la responsabilidad pol\u00edtica de Maduro &#8220;dado el hecho de que&#8221; el Vaticano entr\u00f3 formalmente en el proceso de di\u00e1logo &#8220;para intervenir en la crisis constitucional y democr\u00e1tica del pa\u00eds&#8221;, dijo entonces el diputado Julio Borges.<\/p>\n<p>&nbsp;<\/p>\n<p>Luego de esto, la oposici\u00f3n exigi\u00f3 al Gobierno una serie de condiciones para la reuni\u00f3n del 11 de noviembre, entre las que destacaba &#8220;una salida electoral a la crisis&#8221; con la convocatoria a nuevas elecciones generales o la reactivaci\u00f3n del referendo revocatorio presidencial.<\/p>\n<p>&nbsp;<\/p>\n<p>Adem\u00e1s, la oposici\u00f3n pidi\u00f3 la celebraci\u00f3n de unos comicios para elegir a los diputados del estado Amazonas que fueron destituidos por un tribunal hace casi un a\u00f1o tras ser electos, el respeto a la autonom\u00eda del Parlamento, el nombramiento de dos nuevos rectores en el Poder Electoral y la liberaci\u00f3n de opositores presos.<\/p>\n<p>&nbsp;<\/p>\n<p>La MUD tambi\u00e9n exigi\u00f3 que pueda permitirse el ingreso de medicinas y alimentos, que debido a la &#8220;crisis humanitaria&#8221; se requieren con &#8220;urgencia&#8221;.<\/p>\n<p>&nbsp;<\/p>\n<p>Durante las reuniones de di\u00e1logo celebradas el fin de semana, la MUD y el Gobierno llegaron a acuerdos sobre todos los puntos, menos el de la soluci\u00f3n electoral.<\/p>\n<p>&nbsp;<\/p>\n<p>En ese sentido, Torrealba manifest\u00f3 que se encuentran a la espera de que los opositores sean liberados y del ingreso de medicinas y alimentos.<\/p>\n","protected":false},"excerpt":{"rendered":"<p>El portavoz opositor Jes\u00fas Torrealba dijo hoy que debido a que el Gobierno venezolano &#8220;no cumpli\u00f3 como deber\u00eda&#8221; lo planteado en el di\u00e1logo nacional, el Parlamento retomar\u00e1 el debate para determinar la responsabilidad del presidente Nicol\u00e1s Maduro en la &#8220;ruptura del hilo constitucional&#8221; del pa\u00eds &nbsp; &nbsp; &nbsp; &nbsp; &nbsp; &#8220;Se va a reactivar en los t\u00e9rminos que establece la Constituci\u00f3n de la Rep\u00fablica Bolivariana de Venezuela (&#8230;) la evaluaci\u00f3n de la responsabilidad pol\u00edtica del presidente de la Rep\u00fablica en esta crisis&#8221;, dijo Torrealba tras ser preguntado sobre el plazo&#8230;<\/p>\n","protected":false},"author":3,"featured_media":4501,"comment_status":"closed","ping_status":"closed","sticky":false,"template":"","format":"standard","meta":[],"categories":[4],"tags":[],"_links":{"self":[{"href":"https:\/\/www.actualidadadiario.com\/index.php\/wp-json\/wp\/v2\/posts\/4500"}],"collection":[{"href":"https:\/\/www.actualidadadiario.com\/index.php\/wp-json\/wp\/v2\/posts"}],"about":[{"href":"https:\/\/www.actualidadadiario.com\/index.php\/wp-json\/wp\/v2\/types\/post"}],"author":[{"embeddable":true,"href":"https:\/\/www.actualidadadiario.com\/index.php\/wp-json\/wp\/v2\/users\/3"}],"replies":[{"embeddable":true,"href":"https:\/\/www.actualidadadiario.com\/index.php\/wp-json\/wp\/v2\/comments?post=4500"}],"version-history":[{"count":1,"href":"https:\/\/www.actualidadadiario.com\/index.php\/wp-json\/wp\/v2\/posts\/4500\/revisions"}],"predecessor-version":[{"id":4502,"href":"https:\/\/www.actualidadadiario.com\/index.php\/wp-json\/wp\/v2\/posts\/4500\/revisions\/4502"}],"wp:featuredmedia":[{"embeddable":true,"href":"https:\/\/www.actualidadadiario.com\/index.php\/wp-json\/wp\/v2\/media\/4501"}],"wp:attachment":[{"href":"https:\/\/www.actualidadadiario.com\/index.php\/wp-json\/wp\/v2\/media?parent=4500"}],"wp:term":[{"taxonomy":"category","embeddable":true,"href":"https:\/\/www.actualidadadiario.com\/index.php\/wp-json\/wp\/v2\/categories?post=4500"},{"taxonomy":"post_tag","embeddable":true,"href":"https:\/\/www.actualidadadiario.com\/index.php\/wp-json\/wp\/v2\/tags?post=4500"}],"curies":[{"name":"wp","href":"https:\/\/api.w.org\/{rel}","templated":true}]}}