{"id":4497,"date":"2016-11-15T09:51:47","date_gmt":"2016-11-15T12:51:47","guid":{"rendered":"http:\/\/actualidadadiario.com\/site\/?p=4497"},"modified":"2016-11-15T09:51:47","modified_gmt":"2016-11-15T12:51:47","slug":"eeuu-repudio-por-designacion-de-ejecutivo-de-ultraderecha-como-asesor-de-trump","status":"publish","type":"post","link":"https:\/\/www.actualidadadiario.com\/index.php\/2016\/11\/15\/eeuu-repudio-por-designacion-de-ejecutivo-de-ultraderecha-como-asesor-de-trump\/","title":{"rendered":"EEUU: repudio por designaci\u00f3n de ejecutivo de ultraderecha como asesor de Trump"},"content":{"rendered":"<p><em><strong>Donald Trump design\u00f3 como su principal asesor a Steve Bannon, quien hasta hace poco era el director del controvertido portal Breitbart, punto de referencia de la &#8220;derecha alternativa&#8221;, movimiento asociado a la idea de la supremac\u00eda blanca<\/strong><\/em><\/p>\n<p>&nbsp;<\/p>\n<p>&nbsp;<\/p>\n<p>&nbsp;<\/p>\n<p>&nbsp;<\/p>\n<p>&nbsp;<\/p>\n<p>&nbsp;<\/p>\n<p>Bannon, de 62 a\u00f1os, dirigi\u00f3 el sitio hasta agosto pasado, cuando Trump lo reclut\u00f3 como director general de su campa\u00f1a.<\/p>\n<p>&nbsp;<\/p>\n<p>El presidente electo anunci\u00f3 el domingo que Bannon permanecer\u00e1 a su lado en la Casa Blanca como jefe de estrategia y principal consejero, junto con Reince Priebus, a quien design\u00f3 como jefe de gabinete.<\/p>\n<p>&nbsp;<\/p>\n<p>El Southern Poverty Law Centre, una organizaci\u00f3n de derechos civiles sin \u00e1nimo de lucro que rastrea en busca de grupos extremistas en Estados Unidos -y conocido por sus victorias en los tribunales contra grupos supremacistas blancos- critic\u00f3 el nombramiento de Bannon a la Casa Blanca, que no requiere confirmaci\u00f3n por parte del Senado.<\/p>\n<p>&nbsp;<\/p>\n<p>&#8220;Stephen Bannon fue el principal conductor que est\u00e1 detr\u00e1s de que Breitbart se convirtiera en un centro de propaganda \u00e9tnico-nacionalista blanca&#8221;, tuite\u00f3 la organizaci\u00f3n.<\/p>\n<p>&nbsp;<\/p>\n<p>&#8220;Trump deber\u00eda anular ese nombramiento. En su discurso de victoria, dijo que pretend\u00eda ser presidente de &#8220;todos los americanos&#8221;. Bannon deber\u00eda irse&#8221;.<\/p>\n<p>&nbsp;<\/p>\n<p>El grupo retuite\u00f3 links sobre historias de la web en las que se alababa la bandera confederada, considerada un s\u00edmbolo vinculado con la esclavitud y la supremac\u00eda blanca, se\u00f1alando que la web da voz regularmente a voces xen\u00f3fobas y antimusulmanas.<\/p>\n<p>&nbsp;<\/p>\n<p>El Consejo de Relaciones Isl\u00e1mico-Estadounidenses acus\u00f3 tambi\u00e9n a la web de publicar &#8220;historias mis\u00f3genas y racistas contra las mujeres, gente de color e inmigrantes&#8221; y denomin\u00f3 a Bannon un &#8220;nacionalista blanco&#8221;.<\/p>\n<p>&nbsp;<\/p>\n<p>Su nombramiento &#8220;env\u00eda el inquietante mensaje de que las teor\u00edas conspiratorias antimusulmanas y la ideolog\u00eda nacionalista blanca ser\u00e1 bienvenida en la Casa Blanca&#8221;, se\u00f1ala el director ejecutivo de ese Consejo, Nihad Awad.<\/p>\n<p>&nbsp;<\/p>\n<p>Bannon orient\u00f3 los dos \u00faltimos meses la campa\u00f1a del candidato republicano y dej\u00f3 su marca en la denuncia populista formulada por Trump de que hay un orden mundial controlado por &#8220;una estructura mundial de poder&#8221;, seg\u00fan su \u00faltima propaganda televisiva, algo que critica la izquierda por apelar a la tesis conspirativa.<\/p>\n<p>&nbsp;<\/p>\n<p>Su designaci\u00f3n a un alto cargo del gobierno despert\u00f3 consternaci\u00f3n entre los dem\u00f3cratas, que recordaron los innumerables art\u00edculos incendiarios publicados en Breitbart, al borde del antisemitismo y nost\u00e1lgicos de la bandera confederada del sur esclavista en la Guerra de Secesi\u00f3n, mientras que critican la migraci\u00f3n y la diversidad cultural.<\/p>\n<p>&nbsp;<\/p>\n<p>&#8220;Los supremacistas blancos estar\u00e1n representados en los m\u00e1s altos niveles de la Casa Blanca de Trump&#8221;, denunci\u00f3 Adam Jentleson, portavoz de Harry Reid, jefe de los dem\u00f3cratas en el Senado.<\/p>\n<p>&nbsp;<\/p>\n<p>&#8220;La extrema derecha racista y fascista est\u00e1 representada en el umbral de la oficina Oval. Estados Unidos deber\u00e1 estar muy vigilante&#8221;, tuite\u00f3 de su lado John Weaver, allegado al moderado precandidato republicano John Kasich.<\/p>\n<p>&nbsp;<\/p>\n<p>Evan McMullin, candidato conservador independiente a la presidencia, tambi\u00e9n critic\u00f3 la promoci\u00f3n del &#8220;antisemita&#8221; Bannon.<\/p>\n<p>&nbsp;<\/p>\n<p>Los dem\u00f3cratas citan las acusaciones de la ex esposa de Bannon, Mary Louise Piccard, quien durante su proceso de divorcio hace cerca de 10 a\u00f1os afirm\u00f3, seg\u00fan el New York Daily News, que \u00e9l hab\u00eda rechazado enviar a sus hijas a varias escuelas por la presencia de jud\u00edos. Las acusaciones fueron refutadas.<\/p>\n<p>&nbsp;<\/p>\n<p>En agosto, cuando se anunci\u00f3 que dirigir\u00eda al equipo de campa\u00f1a de Trump, el entorno de la aspirante dem\u00f3crata Hillary Clinton acus\u00f3 a Bannon y a su sitio web de divulgar innumerables &#8220;teor\u00edas conspirativas antimusulmanas y antisemitas&#8221;.<\/p>\n<p>&nbsp;<\/p>\n<p>Banquero de negocios de Goldman Sachs en los a\u00f1os 1980, Bannon fund\u00f3 al mismo tiempo un peque\u00f1o banco de inversiones, Bannon &amp; Co, que vendi\u00f3 en 1998, antes de convertirse en productor de Hollywood.<\/p>\n<p>&nbsp;<\/p>\n<p>En los a\u00f1os 2000, comenz\u00f3 a producir pel\u00edculas pol\u00edticas, sobre Ronald Reagan, el Tea Party y Sarah Palin, ex aspirante presidencial de ese grupo pol\u00edtico.<\/p>\n<p>&nbsp;<\/p>\n<p>Bannon se rencontr\u00f3 con Andrew Breitbart, fundador del sitio del mismo nombre, y se uni\u00f3 a la batalla del Tea Party contra la clase pol\u00edtica de Estados Unidos, tanto dem\u00f3crata como republicana. En 2012, a la muerte de Breitbart, tom\u00f3 las riendas del sitio, con sede en Washington.<\/p>\n<p>&nbsp;<\/p>\n<p>El ex presidente de la C\u00e1mara de Representantes John Boehner fue una de sus v\u00edctimas en 2015, y su reemplazante, Paul Ryan, fue objeto de repetidos ataques del sitio Breitbart, que lo calific\u00f3 de ser un l\u00edder parlamentario d\u00f3cil e incapaz de resistirse a Barack Obama y defender las ideas conservadoras.<\/p>\n<p>&nbsp;<\/p>\n<p>&#8220;Vengo de una familia dem\u00f3crata de clase trabajadora, cat\u00f3lica irlandesa, pro Kennedy, pro sindicatos&#8221;, dijo Bannon en 2015 a Bloomberg.<\/p>\n<p>&nbsp;<\/p>\n<p>&#8220;No era pol\u00edtico antes de volver al ej\u00e9rcito y descubrir hasta qu\u00e9 punto Jimmy Carter embarr\u00f3 las cosas. Me convert\u00ed en un gran admirador de Reagan. A\u00fan lo soy. Pero lo que me volvi\u00f3 en contra de todo el establishment fue regresar de dirigir compa\u00f1\u00edas en Asia en 2008 y ver Bush la embarr\u00f3 tanto como Carter. Todo el pa\u00eds era un desastre&#8221;, agreg\u00f3.<\/p>\n<p>&nbsp;<\/p>\n<p>&nbsp;<\/p>\n<p>&nbsp;<\/p>\n<p>&nbsp;<\/p>\n<p>&nbsp;<\/p>\n<p><strong>Ivanka Trump, hija del presidente electo, descart\u00f3 asumir cargo en la Casa Blanca<\/strong><\/p>\n<p>&#8220;Me concentrar\u00e9 en ser la hija&#8221; del presidente, dijo Ivanka Trump al ser consultada si trabajar\u00e1 junto a su padre y presidente electo, Donald Trump, en la Casa Blanca<\/p>\n<p>&nbsp;<\/p>\n<p>Ivanka, junto a sus hermanos Eric, Donald jr y Tiffany, asisti\u00f3 al programa &#8220;60 Minutes&#8221;, que transmite Cbs, durante la primera entrevista hecha a Trump tras las elecciones.<\/p>\n<p>&nbsp;<\/p>\n<p>La mujer dijo que al presentador Lesley Stahl de sentirse entusiasmada en promover m\u00e1s oportunidades para las mujeres y la educaci\u00f3n, pero no a nivel de gobierno.<\/p>\n<p>&nbsp;<\/p>\n<p>&#8220;Ser\u00e9 una hija. Dije varias veces durante la campa\u00f1a que estoy entusiasmada por algunas cuestiones y luchar\u00e9 por ellas, como la igualdad salarial, m\u00e1s oportunidades para las mujeres y la asistencia a la infancia. Pero no formalmente a nivel administrativo&#8221;, apunt\u00f3.<\/p>\n","protected":false},"excerpt":{"rendered":"<p>Donald Trump design\u00f3 como su principal asesor a Steve Bannon, quien hasta hace poco era el director del controvertido portal Breitbart, punto de referencia de la &#8220;derecha alternativa&#8221;, movimiento asociado a la idea de la supremac\u00eda blanca &nbsp; &nbsp; &nbsp; &nbsp; &nbsp; &nbsp; Bannon, de 62 a\u00f1os, dirigi\u00f3 el sitio hasta agosto pasado, cuando Trump lo reclut\u00f3 como director general de su campa\u00f1a. &nbsp; El presidente electo anunci\u00f3 el domingo que Bannon permanecer\u00e1 a su lado en la Casa Blanca como jefe de estrategia y principal consejero, junto con Reince&#8230;<\/p>\n","protected":false},"author":3,"featured_media":4498,"comment_status":"closed","ping_status":"closed","sticky":false,"template":"","format":"standard","meta":[],"categories":[4],"tags":[],"_links":{"self":[{"href":"https:\/\/www.actualidadadiario.com\/index.php\/wp-json\/wp\/v2\/posts\/4497"}],"collection":[{"href":"https:\/\/www.actualidadadiario.com\/index.php\/wp-json\/wp\/v2\/posts"}],"about":[{"href":"https:\/\/www.actualidadadiario.com\/index.php\/wp-json\/wp\/v2\/types\/post"}],"author":[{"embeddable":true,"href":"https:\/\/www.actualidadadiario.com\/index.php\/wp-json\/wp\/v2\/users\/3"}],"replies":[{"embeddable":true,"href":"https:\/\/www.actualidadadiario.com\/index.php\/wp-json\/wp\/v2\/comments?post=4497"}],"version-history":[{"count":1,"href":"https:\/\/www.actualidadadiario.com\/index.php\/wp-json\/wp\/v2\/posts\/4497\/revisions"}],"predecessor-version":[{"id":4499,"href":"https:\/\/www.actualidadadiario.com\/index.php\/wp-json\/wp\/v2\/posts\/4497\/revisions\/4499"}],"wp:featuredmedia":[{"embeddable":true,"href":"https:\/\/www.actualidadadiario.com\/index.php\/wp-json\/wp\/v2\/media\/4498"}],"wp:attachment":[{"href":"https:\/\/www.actualidadadiario.com\/index.php\/wp-json\/wp\/v2\/media?parent=4497"}],"wp:term":[{"taxonomy":"category","embeddable":true,"href":"https:\/\/www.actualidadadiario.com\/index.php\/wp-json\/wp\/v2\/categories?post=4497"},{"taxonomy":"post_tag","embeddable":true,"href":"https:\/\/www.actualidadadiario.com\/index.php\/wp-json\/wp\/v2\/tags?post=4497"}],"curies":[{"name":"wp","href":"https:\/\/api.w.org\/{rel}","templated":true}]}}