{"id":4491,"date":"2016-11-15T09:48:24","date_gmt":"2016-11-15T12:48:24","guid":{"rendered":"http:\/\/actualidadadiario.com\/site\/?p=4491"},"modified":"2016-11-15T09:48:24","modified_gmt":"2016-11-15T12:48:24","slug":"la-defensa-de-cristina-pidio-que-causa-por-dolar-a-futuro-sea-elevada-a-juicio-oral","status":"publish","type":"post","link":"https:\/\/www.actualidadadiario.com\/index.php\/2016\/11\/15\/la-defensa-de-cristina-pidio-que-causa-por-dolar-a-futuro-sea-elevada-a-juicio-oral\/","title":{"rendered":"La defensa de Cristina pidi\u00f3 que causa por d\u00f3lar a futuro sea elevada a juicio oral"},"content":{"rendered":"<p><em><strong>Cristina Fern\u00e1ndez de Kirchner desisti\u00f3 este lunes de apelar la confirmaci\u00f3n de su procesamiento en la causa por la venta de d\u00f3lar futuro y pidi\u00f3 al juez federal Claudio Bonadio que env\u00ede &#8220;con la mayor premura&#8221; las actuaciones a juicio oral para &#8220;esclarecer los hechos investigados de manera p\u00fablica&#8221;<\/strong><\/em><\/p>\n<p>&nbsp;<\/p>\n<p>&nbsp;<\/p>\n<p>&nbsp;<\/p>\n<p>&nbsp;<\/p>\n<p>&nbsp;<\/p>\n<p>&nbsp;<\/p>\n<p>&nbsp;<\/p>\n<p>El abogado de la ex presidenta, Carlos Beraldi, ya hab\u00eda adelantado en declaraciones a &#8220;Ma\u00f1ana Sylvestre&#8221;, programa que se emite por Radio 10, que Cristina &#8220;quiere defenderse en un juicio oral y p\u00fablico&#8221;.<\/p>\n<p>&nbsp;<\/p>\n<p>Vale recordar que el pasado viernes, la C\u00e1mara Federal porte\u00f1a confirm\u00f3 el procesamiento de la ex presidenta en la causa por la venta de d\u00f3lar futuro al final de su gobierno. La medida tambi\u00e9n alcanz\u00f3 al ex ministro de Econom\u00eda, Axel Kicillof.<\/p>\n<p>&nbsp;<\/p>\n<p>&#8220;Desde el primer momento Cristina pidi\u00f3 ir a un juicio oral, porque quiere dar explicaciones sobre esto, y fue una decisi\u00f3n m\u00eda decirle que no&#8221;, argument\u00f3 Beraldi.<\/p>\n<p>&nbsp;<\/p>\n<p>El abogado dijo adem\u00e1s que en el escrito exigir\u00e1 que los nuevos funcionarios de Gobierno &#8220;expliquen c\u00f3mo se han beneficiado&#8221; con la venta de d\u00f3lar a futuro. &#8220;En ese caso s\u00ed existi\u00f3 una maniobra&#8221;, sostuvo.<\/p>\n","protected":false},"excerpt":{"rendered":"<p>Cristina Fern\u00e1ndez de Kirchner desisti\u00f3 este lunes de apelar la confirmaci\u00f3n de su procesamiento en la causa por la venta de d\u00f3lar futuro y pidi\u00f3 al juez federal Claudio Bonadio que env\u00ede &#8220;con la mayor premura&#8221; las actuaciones a juicio oral para &#8220;esclarecer los hechos investigados de manera p\u00fablica&#8221; &nbsp; &nbsp; &nbsp; &nbsp; &nbsp; &nbsp; &nbsp; El abogado de la ex presidenta, Carlos Beraldi, ya hab\u00eda adelantado en declaraciones a &#8220;Ma\u00f1ana Sylvestre&#8221;, programa que se emite por Radio 10, que Cristina &#8220;quiere defenderse en un juicio oral y p\u00fablico&#8221;. &nbsp;&#8230;<\/p>\n","protected":false},"author":3,"featured_media":4492,"comment_status":"closed","ping_status":"closed","sticky":false,"template":"","format":"standard","meta":[],"categories":[18],"tags":[],"_links":{"self":[{"href":"https:\/\/www.actualidadadiario.com\/index.php\/wp-json\/wp\/v2\/posts\/4491"}],"collection":[{"href":"https:\/\/www.actualidadadiario.com\/index.php\/wp-json\/wp\/v2\/posts"}],"about":[{"href":"https:\/\/www.actualidadadiario.com\/index.php\/wp-json\/wp\/v2\/types\/post"}],"author":[{"embeddable":true,"href":"https:\/\/www.actualidadadiario.com\/index.php\/wp-json\/wp\/v2\/users\/3"}],"replies":[{"embeddable":true,"href":"https:\/\/www.actualidadadiario.com\/index.php\/wp-json\/wp\/v2\/comments?post=4491"}],"version-history":[{"count":1,"href":"https:\/\/www.actualidadadiario.com\/index.php\/wp-json\/wp\/v2\/posts\/4491\/revisions"}],"predecessor-version":[{"id":4493,"href":"https:\/\/www.actualidadadiario.com\/index.php\/wp-json\/wp\/v2\/posts\/4491\/revisions\/4493"}],"wp:featuredmedia":[{"embeddable":true,"href":"https:\/\/www.actualidadadiario.com\/index.php\/wp-json\/wp\/v2\/media\/4492"}],"wp:attachment":[{"href":"https:\/\/www.actualidadadiario.com\/index.php\/wp-json\/wp\/v2\/media?parent=4491"}],"wp:term":[{"taxonomy":"category","embeddable":true,"href":"https:\/\/www.actualidadadiario.com\/index.php\/wp-json\/wp\/v2\/categories?post=4491"},{"taxonomy":"post_tag","embeddable":true,"href":"https:\/\/www.actualidadadiario.com\/index.php\/wp-json\/wp\/v2\/tags?post=4491"}],"curies":[{"name":"wp","href":"https:\/\/api.w.org\/{rel}","templated":true}]}}