{"id":4488,"date":"2016-11-15T09:47:25","date_gmt":"2016-11-15T12:47:25","guid":{"rendered":"http:\/\/actualidadadiario.com\/site\/?p=4488"},"modified":"2016-11-15T09:47:25","modified_gmt":"2016-11-15T12:47:25","slug":"argentina-y-suiza-cierran-acuerdo-para-intercambio-de-informacion-fiscal","status":"publish","type":"post","link":"https:\/\/www.actualidadadiario.com\/index.php\/2016\/11\/15\/argentina-y-suiza-cierran-acuerdo-para-intercambio-de-informacion-fiscal\/","title":{"rendered":"Argentina y Suiza cierran acuerdo para intercambio de informaci\u00f3n fiscal"},"content":{"rendered":"<p><em><strong>Argentina y Suiza firmar\u00e1n el mi\u00e9rcoles pr\u00f3ximo una declaraci\u00f3n conjunta sobre intercambio autom\u00e1tico de informaci\u00f3n de cuentas financieras e informaci\u00f3n fiscal, en momentos que avanza el proceso de exteriorizaci\u00f3n de capitales<\/strong><\/em><\/p>\n<p>&nbsp;<\/p>\n<p>&nbsp;<\/p>\n<p>&nbsp;<\/p>\n<p>&nbsp;<\/p>\n<p>&nbsp;<\/p>\n<p>&nbsp;<\/p>\n<p>&nbsp;<\/p>\n<p>&nbsp;<\/p>\n<p>El ministro de Hacienda y Finanzas, Alfonso Prat-Gay, y el viceministro para Asuntos Financieros Internacionales del Departamento Federal de Finanzas de la Confederaci\u00f3n Suiza, Jorg Gasser, ser\u00e1n los encargados de rubricar el acuerdo, durante un encuentro que mantendr\u00e1n a las 15:30 en el Palacio de Hacienda.<\/p>\n<p>&nbsp;<\/p>\n<p>El Intercambio de informaci\u00f3n forma parte de una pol\u00edtica que viene desarrollando Argentina en busca de hacer m\u00e1s transparentes sus cuentas p\u00fabicas.<\/p>\n<p>&nbsp;<\/p>\n<p>Prat Gay exhort\u00f3 a quienes tengan fondos en el exterior a que se sumen al &#8220;blanqueo&#8221; porque &#8220;no habr\u00e1 lugar d\u00f3nde esconder&#8221; esos fondos.<\/p>\n<p>&nbsp;<\/p>\n<p>Junto con este acuerdo, Argentina iniciar\u00e1 en enero pr\u00f3ximo, un intercambio de informaci\u00f3n fiscal con Uruguay, al tiempo que busca cerrar un entendimiento similar con los Estados Unidos en el corto plazo.<\/p>\n<p>&nbsp;<\/p>\n<p>Hasta fines de octubre pasado, el proceso de &#8220;Exteriorizaci\u00f3n de Capitales&#8221;, hab\u00eda recaudado u$s 4.600 millones, y seg\u00fan estimaciones privadas, alcanzar\u00eda a u$s 6.000 millones para el 21 de noviembre, cuando se cierre el plazo para declarar el dinero que est\u00e1 en el exterior.<\/p>\n<p>&nbsp;<\/p>\n<p>Luego, quienes tengan otros bienes, tendr\u00e1n hasta el 31 de diciembre para declararlos, con una penalidad del 10%, y hasta el 31 de marzo, con un sobrecargo del 15%.<\/p>\n<p>&nbsp;<\/p>\n<p>&#8220;Ingresen ahora, porque luego ser\u00e1 m\u00e1s caro. No habr\u00e1 lugar donde esconder&#8221; los fondos, dijo en varias oportunidades Prat Gay, para alentar el blanqueo.<\/p>\n<p>&nbsp;<\/p>\n<p>En la firma del acuerdo con Suiza estar\u00e1n presentes el titular de la AFIP, Alberto Abad, y el secretario de Hacienda, Gustavo Marconato.<\/p>\n","protected":false},"excerpt":{"rendered":"<p>Argentina y Suiza firmar\u00e1n el mi\u00e9rcoles pr\u00f3ximo una declaraci\u00f3n conjunta sobre intercambio autom\u00e1tico de informaci\u00f3n de cuentas financieras e informaci\u00f3n fiscal, en momentos que avanza el proceso de exteriorizaci\u00f3n de capitales &nbsp; &nbsp; &nbsp; &nbsp; &nbsp; &nbsp; &nbsp; &nbsp; El ministro de Hacienda y Finanzas, Alfonso Prat-Gay, y el viceministro para Asuntos Financieros Internacionales del Departamento Federal de Finanzas de la Confederaci\u00f3n Suiza, Jorg Gasser, ser\u00e1n los encargados de rubricar el acuerdo, durante un encuentro que mantendr\u00e1n a las 15:30 en el Palacio de Hacienda. &nbsp; El Intercambio de informaci\u00f3n&#8230;<\/p>\n","protected":false},"author":3,"featured_media":4489,"comment_status":"closed","ping_status":"closed","sticky":false,"template":"","format":"standard","meta":[],"categories":[2],"tags":[],"_links":{"self":[{"href":"https:\/\/www.actualidadadiario.com\/index.php\/wp-json\/wp\/v2\/posts\/4488"}],"collection":[{"href":"https:\/\/www.actualidadadiario.com\/index.php\/wp-json\/wp\/v2\/posts"}],"about":[{"href":"https:\/\/www.actualidadadiario.com\/index.php\/wp-json\/wp\/v2\/types\/post"}],"author":[{"embeddable":true,"href":"https:\/\/www.actualidadadiario.com\/index.php\/wp-json\/wp\/v2\/users\/3"}],"replies":[{"embeddable":true,"href":"https:\/\/www.actualidadadiario.com\/index.php\/wp-json\/wp\/v2\/comments?post=4488"}],"version-history":[{"count":1,"href":"https:\/\/www.actualidadadiario.com\/index.php\/wp-json\/wp\/v2\/posts\/4488\/revisions"}],"predecessor-version":[{"id":4490,"href":"https:\/\/www.actualidadadiario.com\/index.php\/wp-json\/wp\/v2\/posts\/4488\/revisions\/4490"}],"wp:featuredmedia":[{"embeddable":true,"href":"https:\/\/www.actualidadadiario.com\/index.php\/wp-json\/wp\/v2\/media\/4489"}],"wp:attachment":[{"href":"https:\/\/www.actualidadadiario.com\/index.php\/wp-json\/wp\/v2\/media?parent=4488"}],"wp:term":[{"taxonomy":"category","embeddable":true,"href":"https:\/\/www.actualidadadiario.com\/index.php\/wp-json\/wp\/v2\/categories?post=4488"},{"taxonomy":"post_tag","embeddable":true,"href":"https:\/\/www.actualidadadiario.com\/index.php\/wp-json\/wp\/v2\/tags?post=4488"}],"curies":[{"name":"wp","href":"https:\/\/api.w.org\/{rel}","templated":true}]}}