{"id":4482,"date":"2016-11-14T10:18:21","date_gmt":"2016-11-14T13:18:21","guid":{"rendered":"http:\/\/actualidadadiario.com\/site\/?p=4482"},"modified":"2016-11-14T10:18:21","modified_gmt":"2016-11-14T13:18:21","slug":"ater-intensifica-controles-en-rutas-de-la-provincia","status":"publish","type":"post","link":"https:\/\/www.actualidadadiario.com\/index.php\/2016\/11\/14\/ater-intensifica-controles-en-rutas-de-la-provincia\/","title":{"rendered":"ATER intensifica controles en Rutas de la Provincia"},"content":{"rendered":"<p><em><strong>Comenz\u00f3 a operar esta semana, en el marco de los operativos que se dan sobre determinadas actividades econ\u00f3micas en diferentes ciudades de la provincia. Profundizan el control sobre sectores con indicadores de evasi\u00f3n m\u00e1s pronunciada<\/strong><\/em><\/p>\n<p>&nbsp;<\/p>\n<p>&nbsp;<\/p>\n<p>&nbsp;<\/p>\n<p>&nbsp;<\/p>\n<p>&nbsp;<\/p>\n<p>&nbsp;<\/p>\n<p>&nbsp;<\/p>\n<p>La Administradora Tributaria de Entre R\u00edos, (ATER) anunci\u00f3 esta semana la puesta en funciones de una unidad m\u00f3vil de control y atenci\u00f3n itinerante, con todo el equipamiento necesario, como parte del Programa de &#8220;Control Fiscal&#8221; del Plan de Gesti\u00f3n que es llevando adelante desde el organismo.<\/p>\n<p>&nbsp;<\/p>\n<p>El Director Ejecutivo de la ATER, Sergio Granetto, se\u00f1al\u00f3 que se fortalece la capacidad de cruce de informaci\u00f3n y de trabajo con otros organismos, por cuanto &#8220;todos estos dispositivos de control tienen una l\u00f3gica de aportar mayor informaci\u00f3n para ampliar la base tributaria e ir cerrando espacios a los evasores&#8221; sentenci\u00f3.<\/p>\n<p>&nbsp;<\/p>\n<p>Por su parte, la directora de Fiscalizaci\u00f3n de la ATER, Pamela Sonnaillon se\u00f1al\u00f3 que el nuevo formato de control sobre las rutas se da en el marco de intensas labores de fiscalizaci\u00f3n simult\u00e1neas en el sector comercial en diferentes formatos: &#8220;ya sean de punto fijo o controles electr\u00f3nicos por cruzamiento y an\u00e1lisis de datos, con esta modalidad fortalecemos la calidad de la informaci\u00f3n sobre los movimientos de mercader\u00edas que no siempre se corresponden con la facturaci\u00f3n\u201d.<\/p>\n<p>&nbsp;<\/p>\n<p>Tras los primeros operativos, la funcionaria destac\u00f3 la colaboraci\u00f3n de la Polic\u00eda de Entre R\u00edos, como as\u00ed tambi\u00e9n, la Secretar\u00eda de Trabajo, las \u00e1reas de hacienda y rentas de los municipios y la AFIP para las labores territoriales en supermercados y sectores comerciales en zonas urbanas.<\/p>\n<p>&nbsp;<\/p>\n<p>&nbsp;<\/p>\n<p>&nbsp;<\/p>\n<p>&nbsp;<\/p>\n<p>&nbsp;<\/p>\n<p>&nbsp;<\/p>\n<p><strong>Atenci\u00f3n itinerante <\/strong><\/p>\n<p>Desde la ATER, adem\u00e1s, se\u00f1alaron que la nueva unidad permitir\u00e1 la atenci\u00f3n corriente a contribuyentes directos en aquellas localidades donde el ente no posee oficinas propias.<\/p>\n","protected":false},"excerpt":{"rendered":"<p>Comenz\u00f3 a operar esta semana, en el marco de los operativos que se dan sobre determinadas actividades econ\u00f3micas en diferentes ciudades de la provincia. Profundizan el control sobre sectores con indicadores de evasi\u00f3n m\u00e1s pronunciada &nbsp; &nbsp; &nbsp; &nbsp; &nbsp; &nbsp; &nbsp; La Administradora Tributaria de Entre R\u00edos, (ATER) anunci\u00f3 esta semana la puesta en funciones de una unidad m\u00f3vil de control y atenci\u00f3n itinerante, con todo el equipamiento necesario, como parte del Programa de &#8220;Control Fiscal&#8221; del Plan de Gesti\u00f3n que es llevando adelante desde el organismo. &nbsp; El&#8230;<\/p>\n","protected":false},"author":3,"featured_media":4483,"comment_status":"closed","ping_status":"closed","sticky":false,"template":"","format":"standard","meta":[],"categories":[15],"tags":[],"_links":{"self":[{"href":"https:\/\/www.actualidadadiario.com\/index.php\/wp-json\/wp\/v2\/posts\/4482"}],"collection":[{"href":"https:\/\/www.actualidadadiario.com\/index.php\/wp-json\/wp\/v2\/posts"}],"about":[{"href":"https:\/\/www.actualidadadiario.com\/index.php\/wp-json\/wp\/v2\/types\/post"}],"author":[{"embeddable":true,"href":"https:\/\/www.actualidadadiario.com\/index.php\/wp-json\/wp\/v2\/users\/3"}],"replies":[{"embeddable":true,"href":"https:\/\/www.actualidadadiario.com\/index.php\/wp-json\/wp\/v2\/comments?post=4482"}],"version-history":[{"count":1,"href":"https:\/\/www.actualidadadiario.com\/index.php\/wp-json\/wp\/v2\/posts\/4482\/revisions"}],"predecessor-version":[{"id":4484,"href":"https:\/\/www.actualidadadiario.com\/index.php\/wp-json\/wp\/v2\/posts\/4482\/revisions\/4484"}],"wp:featuredmedia":[{"embeddable":true,"href":"https:\/\/www.actualidadadiario.com\/index.php\/wp-json\/wp\/v2\/media\/4483"}],"wp:attachment":[{"href":"https:\/\/www.actualidadadiario.com\/index.php\/wp-json\/wp\/v2\/media?parent=4482"}],"wp:term":[{"taxonomy":"category","embeddable":true,"href":"https:\/\/www.actualidadadiario.com\/index.php\/wp-json\/wp\/v2\/categories?post=4482"},{"taxonomy":"post_tag","embeddable":true,"href":"https:\/\/www.actualidadadiario.com\/index.php\/wp-json\/wp\/v2\/tags?post=4482"}],"curies":[{"name":"wp","href":"https:\/\/api.w.org\/{rel}","templated":true}]}}