{"id":4479,"date":"2016-11-14T10:17:37","date_gmt":"2016-11-14T13:17:37","guid":{"rendered":"http:\/\/actualidadadiario.com\/site\/?p=4479"},"modified":"2016-11-14T10:17:37","modified_gmt":"2016-11-14T13:17:37","slug":"intendentes-entrerrianos-viajaron-al-congreso-de-alcaldes-en-barcelona","status":"publish","type":"post","link":"https:\/\/www.actualidadadiario.com\/index.php\/2016\/11\/14\/intendentes-entrerrianos-viajaron-al-congreso-de-alcaldes-en-barcelona\/","title":{"rendered":"Intendentes entrerrianos viajaron al congreso de Alcaldes en Barcelona"},"content":{"rendered":"<p><em><strong>Cuatro jefes comunales de la provincia de Entre R\u00edos fueron elegidos por el gobernador Bordet para asistir a una cumbre a desarrollarse en Espa\u00f1a. En la comitiva hay dos intendentes del FPV y dos de Cambiemos<\/strong><\/em><\/p>\n<p>&nbsp;<\/p>\n<p>&nbsp;<\/p>\n<p>&nbsp;<\/p>\n<p>&nbsp;<\/p>\n<p>&nbsp;<\/p>\n<p>&nbsp;<\/p>\n<p>El Gobierno de Entre R\u00edos, a trav\u00e9s de la Secretar\u00eda de Relaciones Institucionales e Internacionales, organiza una Misi\u00f3n Internacional de Presidentes Municipales, que participar\u00e1n del \u201cSmart City Expo World Congress\u201d, a realizarse en la ciudad de Barcelona, Espa\u00f1a, desde el 14 al 18 de noviembre.<\/p>\n<p>&nbsp;<\/p>\n<p>El eje de la Cumbre Internacional ser\u00e1 la discusi\u00f3n acerca de la relaci\u00f3n entre la realidad urbana y la revoluci\u00f3n tecnol\u00f3gica. Desde su primera edici\u00f3n en el a\u00f1o 2011, ha logrado convertirse en un evento global de referencia, para apoyar el desarrollo de nuestras ciudades.<\/p>\n<p>&nbsp;<\/p>\n<p>Este punto de encuentro profesional, institucional y social, es una plataforma l\u00edder de ideas, trabajo en red, experiencias y acuerdos comerciales internacionales, que re\u00fane el m\u00e1s alto nivel de las partes interesadas, en el contexto del desarrollo urbano.<\/p>\n<p>&nbsp;<\/p>\n<p>Los entrerrianos que viajaron este domingo rumbo a Barcelona fueron Gerardo Chapino de Federal (FpV), Silvio Moreira de Santa Elena (FpV), de San Jos\u00e9 Irma Monjo (Cambiemos) y de Victoria, Domingo Maiocco (Cambiemos).<\/p>\n","protected":false},"excerpt":{"rendered":"<p>Cuatro jefes comunales de la provincia de Entre R\u00edos fueron elegidos por el gobernador Bordet para asistir a una cumbre a desarrollarse en Espa\u00f1a. En la comitiva hay dos intendentes del FPV y dos de Cambiemos &nbsp; &nbsp; &nbsp; &nbsp; &nbsp; &nbsp; El Gobierno de Entre R\u00edos, a trav\u00e9s de la Secretar\u00eda de Relaciones Institucionales e Internacionales, organiza una Misi\u00f3n Internacional de Presidentes Municipales, que participar\u00e1n del \u201cSmart City Expo World Congress\u201d, a realizarse en la ciudad de Barcelona, Espa\u00f1a, desde el 14 al 18 de noviembre. &nbsp; El eje&#8230;<\/p>\n","protected":false},"author":3,"featured_media":4480,"comment_status":"closed","ping_status":"closed","sticky":false,"template":"","format":"standard","meta":[],"categories":[15],"tags":[],"_links":{"self":[{"href":"https:\/\/www.actualidadadiario.com\/index.php\/wp-json\/wp\/v2\/posts\/4479"}],"collection":[{"href":"https:\/\/www.actualidadadiario.com\/index.php\/wp-json\/wp\/v2\/posts"}],"about":[{"href":"https:\/\/www.actualidadadiario.com\/index.php\/wp-json\/wp\/v2\/types\/post"}],"author":[{"embeddable":true,"href":"https:\/\/www.actualidadadiario.com\/index.php\/wp-json\/wp\/v2\/users\/3"}],"replies":[{"embeddable":true,"href":"https:\/\/www.actualidadadiario.com\/index.php\/wp-json\/wp\/v2\/comments?post=4479"}],"version-history":[{"count":1,"href":"https:\/\/www.actualidadadiario.com\/index.php\/wp-json\/wp\/v2\/posts\/4479\/revisions"}],"predecessor-version":[{"id":4481,"href":"https:\/\/www.actualidadadiario.com\/index.php\/wp-json\/wp\/v2\/posts\/4479\/revisions\/4481"}],"wp:featuredmedia":[{"embeddable":true,"href":"https:\/\/www.actualidadadiario.com\/index.php\/wp-json\/wp\/v2\/media\/4480"}],"wp:attachment":[{"href":"https:\/\/www.actualidadadiario.com\/index.php\/wp-json\/wp\/v2\/media?parent=4479"}],"wp:term":[{"taxonomy":"category","embeddable":true,"href":"https:\/\/www.actualidadadiario.com\/index.php\/wp-json\/wp\/v2\/categories?post=4479"},{"taxonomy":"post_tag","embeddable":true,"href":"https:\/\/www.actualidadadiario.com\/index.php\/wp-json\/wp\/v2\/tags?post=4479"}],"curies":[{"name":"wp","href":"https:\/\/api.w.org\/{rel}","templated":true}]}}