{"id":4476,"date":"2016-11-14T10:16:40","date_gmt":"2016-11-14T13:16:40","guid":{"rendered":"http:\/\/actualidadadiario.com\/site\/?p=4476"},"modified":"2016-11-14T10:16:40","modified_gmt":"2016-11-14T13:16:40","slug":"gualeguaychu-realizo-la-primera-marcha-contra-el-cancer","status":"publish","type":"post","link":"https:\/\/www.actualidadadiario.com\/index.php\/2016\/11\/14\/gualeguaychu-realizo-la-primera-marcha-contra-el-cancer\/","title":{"rendered":"Gualeguaych\u00fa realiz\u00f3 la primera marcha contra el c\u00e1ncer"},"content":{"rendered":"<p><em><strong>Un nutrido grupo de personas fueron parte de la primera marcha contra el c\u00e1ncer, en la que se exigi\u00f3 informaci\u00f3n acerca del alarmante crecimiento que muestra la enfermedad en la ciudad de Gualeguaych\u00fa<\/strong><\/em><\/p>\n<p>&nbsp;<\/p>\n<p>&nbsp;<\/p>\n<p>&nbsp;<\/p>\n<p>&nbsp;<\/p>\n<p>&nbsp;<\/p>\n<p>&nbsp;<\/p>\n<p>La marcha se inici\u00f3 a las 18,20 del domingo frente al Anfiteatro y recorri\u00f3 la Costanera hasta el Obelisco. All\u00ed, en improvisados discursos, los organizadores explicaron las razones de la convocatoria, pero tambi\u00e9n se escucharon testimonios de personas y familiares afectados por la enfermedad.<\/p>\n<p>&nbsp;<\/p>\n<p>El encuentro tambi\u00e9n cont\u00f3 con la presencia del periodista Fabi\u00e1n Magnotta, quien tuvo palabras de aliento hacia quienes luchan contra la enfermedad y reclamo hacia el Estado. &#8220;Esto vas m\u00e1s all\u00e1 del color pol\u00edtico. Ojal\u00e1 pronto se pongan a trabajar para encontrar respuestas cient\u00edficas al problema&#8221; reclam\u00f3.<\/p>\n<p>&nbsp;<\/p>\n<p>El primero en hablar fue Nicol\u00e1s Rodr\u00edguez, uno de los convocantes, quien record\u00f3 que &#8220;esta idea surgi\u00f3 en las redes sociales a modo de pregunta. Queremos saber que est\u00e1 pasando con el c\u00e1ncer en Gualeguaych\u00fa. Yo hace poco perd\u00ed a mi mam\u00e1, el motivo principal por el cual estoy aqu\u00ed. Mi motor es ese. Creo que muchos de los que est\u00e1n aqu\u00ed est\u00e1n por lo mismo&#8221; explic\u00f3.<\/p>\n<p>&nbsp;<\/p>\n<p>&#8220;Muchas personas nos vemos afectadas por esta enfermedad. Puede ser un familiar, un amigo, un vecino. No importa. Todos nos vemos y sentimos involucrados en esta problem\u00e1tica. Para nosotros estar aqu\u00ed arriba es muy dif\u00edcil. Somos vecinos y no tendr\u00edamos que estar aqu\u00ed. Decidimos convocar a esta marcha y despu\u00e9s de hacerlo comenzamos a buscar informaci\u00f3n. Los \u00edndices no son normales. Ac\u00e1 hay algo m\u00e1s&#8221; resalt\u00f3.<\/p>\n<p>&nbsp;<\/p>\n<p>Rodr\u00edguez indic\u00f3 luego que &#8220;nosotros no responsabilizamos a nadie. Nosotros tenemos la misma intriga que ustedes. Queremos saber que nos enferma. Por eso elevaremos un petitorio donde pedimos que se investigue. Necesitamos una respuesta cient\u00edfica y luego el acompa\u00f1amiento pol\u00edtico para resolver el problema. Ojal\u00e1 esto no quede aqu\u00ed. Vamos a seguir preguntando. Vamos a seguir insistiendo. Vamos a seguir luchando para que nos den una respuesta. Y pediremos para que aquellas personas que tienen que actuar sobre el problema realmente se ocupen&#8221;.<\/p>\n<p>&nbsp;<\/p>\n<p>Leonel Bentancur fue otro de los impulsores de la marcha. Fue el segundo orador y en su alocuci\u00f3n insisti\u00f3 en el deseo de conocer las causas que han disparado los \u00edndices de c\u00e1ncer en la ciudad. &#8220;Me encontr\u00e9 con el trabajo de Fabi\u00e1n Magnotta y a partir de all\u00ed tom\u00e9 dimensi\u00f3n de lo que nos est\u00e1 pasando. S\u00f3lo queremos respuestas. Necesitamos saber que ocurre. Puede ser el aire, el agua o la tierra. No lo sabemos. Queremos una respuesta no solamente por la gente que no ya no est\u00e1, sino tambi\u00e9n por nosotros y por aquellos que est\u00e1n luchando&#8221; dijo.<\/p>\n<p>&nbsp;<\/p>\n<p>Fabi\u00e1n Magnotta acompa\u00f1\u00f3 la marcha y al llegar a los obeliscos fue invitado por los organizadores a reflexionar acerca del estudio period\u00edstico que puso en agenda el tema en la ciudad. Magnotta dijo que su inquietud se inici\u00f3 en una pregunta com\u00fan a todos. &#8220;Che \u00bfviste quien tiene c\u00e1ncer? Es una pregunta recurrente en la ciudad&#8221; explic\u00f3 el periodista. All\u00ed surgi\u00f3 la idea de investigar. Pero como las cifras oficiales son pocas o directamente no existen, empec\u00e9 en el a\u00f1o 2015 d\u00eda por d\u00eda a registrar quien mor\u00eda en la ciudad y por qu\u00e9 causas. Aqu\u00ed aparece el c\u00e1ncer como una de las causas m\u00e1s fuertes con un 10% sobre la media nacional&#8221; indic\u00f3.<\/p>\n<p>&nbsp;<\/p>\n<p>&#8220;Despu\u00e9s encontr\u00e9 que en el departamento Gualeguaych\u00fa se diagnostican entre 700 y 800 casos de c\u00e1ncer por a\u00f1o. All\u00ed me pregunt\u00e9 si ese n\u00famero era mucho o poco. Encontr\u00e9 que Instituto Internacional del C\u00e1ncer se\u00f1ala que en Argentina -cada 100 mil habitantes- deber\u00eda haber entre 200 y 217 diagn\u00f3sticos positivos. Considerando que la poblaci\u00f3n de Gualeguaych\u00fa supera los 100 mil habitantes, entendemos que el diagn\u00f3stico deber\u00eda ser aproximadamente de entre 250 y 260 casos. Pero nos encontramos que hay 800&#8221; sostuvo.<\/p>\n<p>&nbsp;<\/p>\n<p>Magnota dijo luego que la estad\u00edstica &#8220;se dispar\u00f3 en el a\u00f1o 2004 y las causas por ahora son sospechas. Sospechamos de los agroqu\u00edmicos, sospechamos del Parque Industrial, sospechamos del agua, sospechamos de Botnia. Solo sospechas&#8221;.<\/p>\n<p>&nbsp;<\/p>\n<p>&#8220;Uno como periodista tiene sus l\u00edmites. Yo no soy m\u00e9dico y tampoco encuestador. Solo cumplo con mi vocaci\u00f3n. Pregunto e investigo para encontrar las respuestas que hasta ahora el Estado no me ha dado. Esto va m\u00e1s all\u00e1 del color pol\u00edtico. Ojal\u00e1 pronto se pongan a trabajar para encontrar respuestas cient\u00edficas al problema. Yo solo soy un periodista que hace treinta a\u00f1os pregunto o traslado las preguntas de ustedes&#8221; sostuvo.<\/p>\n<p>&nbsp;<\/p>\n<p>El acto continu\u00f3 con el testimonio de Marcela, una enferma oncol\u00f3gica que dijo vivir en el &#8220;tan desprotegido Barrio Don Pedro desde hace 20 a\u00f1os. Hoy estoy ac\u00e1 quiero en nombre de todos los enfermos de c\u00e1ncer que como yo luchamos a diario con la enfermedad y sus complicaciones. En memoria de los que no pudieron seguir luchando porque la enfermedad los venci\u00f3, de las familias de ellos y de las nuestras que tambi\u00e9n se enferman con nosotros. Exigirles a quienes tienen responsabilidad sobre la salud de la poblaci\u00f3n que se comprometan a investigar con seriedad, honestidad y sin discursos pol\u00edticamente correctos las causas de la enfermedad que tanto nos preocupan como sociedad. La Constituci\u00f3n Nacional nos dice que tenemos el derecho de vivir en un ambiente sano que no nos enferme y que debemos preservarlo.<\/p>\n<p>Yo le pido al se\u00f1or intendente que se preocupe y ocupe de encontrar con urgencia la soluci\u00f3n para asegurarnos este derecho para nosotros y para las generaciones futuras&#8221;.<\/p>\n","protected":false},"excerpt":{"rendered":"<p>Un nutrido grupo de personas fueron parte de la primera marcha contra el c\u00e1ncer, en la que se exigi\u00f3 informaci\u00f3n acerca del alarmante crecimiento que muestra la enfermedad en la ciudad de Gualeguaych\u00fa &nbsp; &nbsp; &nbsp; &nbsp; &nbsp; &nbsp; La marcha se inici\u00f3 a las 18,20 del domingo frente al Anfiteatro y recorri\u00f3 la Costanera hasta el Obelisco. All\u00ed, en improvisados discursos, los organizadores explicaron las razones de la convocatoria, pero tambi\u00e9n se escucharon testimonios de personas y familiares afectados por la enfermedad. &nbsp; El encuentro tambi\u00e9n cont\u00f3 con la&#8230;<\/p>\n","protected":false},"author":3,"featured_media":4477,"comment_status":"closed","ping_status":"closed","sticky":false,"template":"","format":"standard","meta":[],"categories":[9],"tags":[],"_links":{"self":[{"href":"https:\/\/www.actualidadadiario.com\/index.php\/wp-json\/wp\/v2\/posts\/4476"}],"collection":[{"href":"https:\/\/www.actualidadadiario.com\/index.php\/wp-json\/wp\/v2\/posts"}],"about":[{"href":"https:\/\/www.actualidadadiario.com\/index.php\/wp-json\/wp\/v2\/types\/post"}],"author":[{"embeddable":true,"href":"https:\/\/www.actualidadadiario.com\/index.php\/wp-json\/wp\/v2\/users\/3"}],"replies":[{"embeddable":true,"href":"https:\/\/www.actualidadadiario.com\/index.php\/wp-json\/wp\/v2\/comments?post=4476"}],"version-history":[{"count":1,"href":"https:\/\/www.actualidadadiario.com\/index.php\/wp-json\/wp\/v2\/posts\/4476\/revisions"}],"predecessor-version":[{"id":4478,"href":"https:\/\/www.actualidadadiario.com\/index.php\/wp-json\/wp\/v2\/posts\/4476\/revisions\/4478"}],"wp:featuredmedia":[{"embeddable":true,"href":"https:\/\/www.actualidadadiario.com\/index.php\/wp-json\/wp\/v2\/media\/4477"}],"wp:attachment":[{"href":"https:\/\/www.actualidadadiario.com\/index.php\/wp-json\/wp\/v2\/media?parent=4476"}],"wp:term":[{"taxonomy":"category","embeddable":true,"href":"https:\/\/www.actualidadadiario.com\/index.php\/wp-json\/wp\/v2\/categories?post=4476"},{"taxonomy":"post_tag","embeddable":true,"href":"https:\/\/www.actualidadadiario.com\/index.php\/wp-json\/wp\/v2\/tags?post=4476"}],"curies":[{"name":"wp","href":"https:\/\/api.w.org\/{rel}","templated":true}]}}