{"id":4473,"date":"2016-11-14T10:15:33","date_gmt":"2016-11-14T13:15:33","guid":{"rendered":"http:\/\/actualidadadiario.com\/site\/?p=4473"},"modified":"2016-11-14T10:15:33","modified_gmt":"2016-11-14T13:15:33","slug":"la-semana-del-prematuro-propone-diferentes-actividades-de-concientizacion-en-entre-rios","status":"publish","type":"post","link":"https:\/\/www.actualidadadiario.com\/index.php\/2016\/11\/14\/la-semana-del-prematuro-propone-diferentes-actividades-de-concientizacion-en-entre-rios\/","title":{"rendered":"La Semana del Prematuro propone diferentes actividades de concientizaci\u00f3n en Entre R\u00edos"},"content":{"rendered":"<p><em><strong>En 2010 se identificaron y definieron diez derechos esenciales, que constituyen el dec\u00e1logo de los derechos de los reci\u00e9n nacidos prematuros y han dado forma a los temas centrales de cada campa\u00f1a anual. Este a\u00f1o, la semana estar\u00e1 centrada en el derecho 4 que pone eje en el rol fundamental de las enfermeras: \u201cLos reci\u00e9n nacidos de parto prematuro tienen derecho a recibir cuidados de enfermer\u00eda de alta calidad orientados a proteger su desarrollo y centrados en la familia\u201d<\/strong><\/em><\/p>\n<p>&nbsp;<\/p>\n<p>&nbsp;<\/p>\n<p>&nbsp;<\/p>\n<p>&nbsp;<\/p>\n<p>&nbsp;<\/p>\n<p>Como se viene desarrollando desde 2010, del 14 al 18 de noviembre se llevar\u00e1 adelante la Semana del Prematuro, impulsada por UNICEF y el Ministerio de Salud de la Naci\u00f3n. La provincia, por medio del Ministerio de Salud, se sumar\u00e1 a la propuesta con diferentes actividades que tienen como objetivo visibilizar la tem\u00e1tica y garantizar los derechos de los prematuros, movilizando los equipos de salud y la comunidad.<\/p>\n<p>&nbsp;<\/p>\n<p>&nbsp;<\/p>\n<p>Un parto se considera \u201cpre t\u00e9rmino\u201d cuando se desencadena antes de la semana 37 del embarazo, y cuando m\u00e1s temprano se produzca el nacimiento, menos preparado estar\u00e1 el beb\u00e9 para adaptarse a la vida fuera del \u00fatero, y necesitar\u00e1 m\u00e1s cuidados en las Unidades de Cuidados Intensivos Neonatales.<\/p>\n<p>&nbsp;<\/p>\n<p>Las razones por las que un ni\u00f1o o ni\u00f1a nace prematuro pueden ser muchas: gestaci\u00f3n m\u00faltiple, infecciones, falta de crecimiento dentro del \u00fatero, peligro de la salud materna o infantil, y otras desconocidas. Sin embargo, uno de los aspectos principales para evitar, prevenir o atender adecuadamente la prematurez es el control del embarazo; aquel que cualquier embarazada puede hacerse en el centro de salud m\u00e1s cercano a su casa.<\/p>\n<p>&nbsp;<\/p>\n<p>En Entre R\u00edos existen cuatro maternidades p\u00fablicas que atienden prematuros de mediana y alta complejidad y cuentan con su Servicio de Neonatolog\u00eda: el Hospital Materno Infantil San Roque, de Paran\u00e1; el Hospital Delicia Concepci\u00f3n Masvernat de Concordia, el Hospital Centenario de Gualeguaych\u00fa y el Hospital Justo Jos\u00e9 Urquiza de Concepci\u00f3n del Uruguay. Ellos son los encargados de recibir y cuidar los ni\u00f1os prematuros de toda la provincia, recibiendo derivaciones de las otras maternidades seg\u00fan la complejidad que se necesite y las regiones sanitarias en las que est\u00e1n insertas.<\/p>\n<p>&nbsp;<\/p>\n<p>El equipo de salud de las Unidades de Neonatolog\u00eda est\u00e1 integrado por profesionales de distintas disciplinas, que adem\u00e1s de cuidar y brindar lo que necesita cada prematuro, acompa\u00f1a a la familia integr\u00e1ndola en el cuidado del peque\u00f1o. Incluso, es necesario destacar, el seguimiento del reci\u00e9n nacido de alto riesgo luego de su alta, donde estos hospitales ofrecen consultorios de seguimiento de prematuros, donde se completan los controles y, si es necesario, se deriva a las interconsultas con los diferentes especialistas.<\/p>\n<p>&nbsp;<\/p>\n<p>Finalmente, y sin dejar de hacer referencia el enorme desaf\u00edo que implica para todo el equipo de salud la atenci\u00f3n de un reci\u00e9n nacido pret\u00e9rmino, el objetivo de esta iniciativa es reconocer, difundir y garantizar los derechos del prematuro y su familia, para que la comunidad comprenda sus necesidades, y as\u00ed, colaborar en la disminuci\u00f3n de la incidencia de la prematurez y sus consecuencias en la Rep\u00fablica Argentina, desde la prevenci\u00f3n como en el seguimiento.<\/p>\n<p>&nbsp;<\/p>\n<p>En el marco de esta semana, la Direcci\u00f3n de Salud Materno Infanto Juvenil del Ministerio de Salud con las maternidades p\u00fablicas, se sumar\u00e1n a actividades organizadas en diferentes puntos del territorio entrerriano.<\/p>\n<p>&nbsp;<\/p>\n<p>&nbsp;<\/p>\n<p>&nbsp;<\/p>\n<p>&nbsp;<\/p>\n<p>&nbsp;<\/p>\n<p>&nbsp;<\/p>\n<p>&nbsp;<\/p>\n<p><strong>Actividades en la provincia <\/strong><\/p>\n<p>&nbsp;<\/p>\n<p><strong>Agenda organizada por el Hospital Marvernat, de Concordia <\/strong><\/p>\n<p>&nbsp;<\/p>\n<p><strong>Lunes 14 <\/strong><\/p>\n<p>9.30: Charla a realizarse por personal de enfermer\u00eda del servicio de Neonatolog\u00eda, destinada a personal de la salud. Tema: \u201cPrevencion del parto prematuro\u201d, a cargo de la enfermera Melina Cabrera.<\/p>\n<p>&nbsp;<\/p>\n<p><strong>Martes 15 <\/strong><\/p>\n<p>9.30: Charla a realizarse por personal de enfermer\u00eda del servicio de Neonatolog\u00eda destinada a personas a cargo del cuidado de neonatos y prematuros de nuestro servicio y de otros interesados. Tema: \u201cProtocolo de intervenci\u00f3n m\u00ednima y cuidados neonatales\u201d.<\/p>\n<p>10.30: Exposici\u00f3n audiovisual de material recolectado de experiencias vividas a madres de beb\u00e9s internados actualmente y en a\u00f1os anteriores en nuestro servicio.<\/p>\n<p>&nbsp;<\/p>\n<p><strong>Mi\u00e9rcoles 16 <\/strong><\/p>\n<p>Tema: \u201cNeurodesarrollo\u201d<\/p>\n<p>9.30: Exposici\u00f3n de programas ROP Y PALIVIZUMAB.<\/p>\n<p>10: Charla de preparaci\u00f3n del prematuro y su familia para el alta. Dictada por la enfermera Mar\u00eda Elena Bogao.<\/p>\n<p>&nbsp;<\/p>\n<p>10.30: Charla debate: a realizarse por personal de enfermer\u00eda de consultorio de seguimiento alto riesgo.<\/p>\n<p>&nbsp;<\/p>\n<p><strong>Jueves 17 <\/strong><\/p>\n<p>\u201cMaternidad centrada en la familia\u201d<\/p>\n<p>9.30: Charlas destinada a enfermer\u00eda a cargo de la Lic. en Enfermer\u00eda Melina Cabrera y la Lic. en Psicolog\u00eda Melina Quevedo.<\/p>\n<p>10.30: Charla destinada a p\u00fablico en general en el stand de \u201cLa semana del prematuro\u201d en sala de espera de nuestro Hospital a cargo del Dr. Blas S. G\u00f3mez<\/p>\n<p>&nbsp;<\/p>\n<p><strong>Viernes 18 <\/strong><\/p>\n<p>9.30: Festejo a realizarse en la residencia de madres, con la participaci\u00f3n de familias que forman parte del consultorio de seguimiento de alto riesgo, de m\u00e9dicos, enfermeras, psic\u00f3logas, personal de servicio social, personal que trabaja en el acompa\u00f1amiento de las madres en la residencia. Se har\u00e1 entrega de reconocimiento a la enfermera elegida por su desempe\u00f1o en el servicio. Participaci\u00f3n de \u201cPayam\u00e9dicos\u201d.<\/p>\n<p>&nbsp;<\/p>\n<p>&nbsp;<\/p>\n<p>&nbsp;<\/p>\n<p><strong>Agenda organizada por el Hospital J. J. Urquiza, de Uruguay <\/strong><\/p>\n<p><strong>Lunes 14 <\/strong><\/p>\n<p>Lanzamiento de la Semana del Prematuro priorizando este a\u00f1o, el Derecho N\u00b04. Cuidados de Enfermer\u00eda del reci\u00e9n nacido prematuro, en sala de espera del hospital Justo Jos\u00e9 de Urquiza. Proyecci\u00f3n de videos alusivos.<\/p>\n<p>&nbsp;<\/p>\n<p><strong>Martes 15 <\/strong><\/p>\n<p>Promoci\u00f3n y reivindicaci\u00f3n de otros derechos del prematuro. Se abordar\u00e1n: Cuidados de Enfermer\u00eda en el control prenatal. Cuidados de Enfermer\u00eda en la madre del reci\u00e9n nacido prematuro. Alimentaci\u00f3n del reci\u00e9n nacido prematuro: Lactancia materna.<\/p>\n<p>&nbsp;<\/p>\n<p><strong>Mi\u00e9rcoles 16 <\/strong><\/p>\n<p>Fundamentos. Curso de reanimaci\u00f3n cardiopulmonar del reci\u00e9n nacido prematuro para personal y padres de ni\u00f1os prematuros.<\/p>\n<p><strong>\u00a0<\/strong><\/p>\n<p><strong>Jueves 17 <\/strong><\/p>\n<p>Sensibilizaci\u00f3n en la comunidad para la atenci\u00f3n y seguimiento del reci\u00e9n nacido prematuro. Importancia de la vacunaci\u00f3n completa. Participaci\u00f3n de Payam\u00e9dicos a las 8.<\/p>\n<p>&nbsp;<\/p>\n<p><strong>Viernes 18 <\/strong><\/p>\n<p>Cierre de la Semana del Prematuro con festejos. Se invita a los reci\u00e9n nacidos prematuros, padres, hermanos, familiares y toda la comunidad a participar de la fiesta con m\u00faltiples actividades.<\/p>\n<p>&nbsp;<\/p>\n<p><strong>Agenda organizada por el Hospital Centenario, de Gualeguaych\u00fa <\/strong><\/p>\n<p><strong>14, 16 y 18 de noviembre <\/strong><\/p>\n<p>Por la ma\u00f1ana se realizar\u00e1 la entrega de folleter\u00eda en un stand en el hall de entrada del Hospital Centenario.<\/p>\n<p>&nbsp;<\/p>\n<p><strong>15 de noviembre <\/strong><\/p>\n<p>Entrega de folleter\u00eda en Servicio de Neonatolog\u00eda y Maternidad a cargo de las enfermeras que se encuentren prestando cuidados; tambi\u00e9n se entregar\u00e1n en los distintos CAPS de la ciudad.<\/p>\n<p>&nbsp;<\/p>\n<p><strong>17 de noviembre <\/strong><\/p>\n<p>En el auditorio del hospital habr\u00e1 una jornada de capacitaci\u00f3n y concientizaci\u00f3n dirigida a los profesionales de salud. La disertaci\u00f3n estar\u00e1 a cargo de miembros del equipo de salud del servicio de Neonatolog\u00eda del hospital.<\/p>\n<p><strong>\u00a0<\/strong><\/p>\n<p><strong>18 de noviembre <\/strong><\/p>\n<p>Por la ma\u00f1ana se dar\u00e1 difusi\u00f3n en los medios locales a cerca de la campa\u00f1a y la adhesi\u00f3n del nosocomio. Por la tarde se realizar\u00e1 la entrega de folleter\u00eda en la v\u00eda p\u00fablica.<\/p>\n<p>&nbsp;<\/p>\n<p><strong>19 de noviembre <\/strong><\/p>\n<p>Celebraci\u00f3n de la fiesta de cierre de la campa\u00f1a, que tendr\u00e1 lugar en la plaza contigua al servicio de Pediatr\u00eda, de 17.30 a 19.30.<\/p>\n<p>&nbsp;<\/p>\n<p>&nbsp;<\/p>\n<p>&nbsp;<\/p>\n<p><strong>Agenda organizada por el Hospital Materno Infantil San Roque, de Paran\u00e1 <\/strong><\/p>\n<p><strong>Lunes 14 <\/strong><\/p>\n<p>9: Bienvenida a cargo de la enfermera Valeria Blanco y el doctor Alejandro Musante.<\/p>\n<p>10: Presentaci\u00f3n de actividades. Cat\u00e1logo. Derecho N\u00b04. Rol de enfermer\u00eda en Neonatolog\u00eda. Evoluci\u00f3n del cuidado neonatal.<\/p>\n<p>&nbsp;<\/p>\n<p><strong>Martes 15 <\/strong><\/p>\n<p>8: Recepci\u00f3n del paciente prematuro del alto riesgo. Disertante: Licenciado de Enfermer\u00eda Gabriel Gonz\u00e1les.<\/p>\n<p>&nbsp;<\/p>\n<p><strong>Mi\u00e9rcoles 16 <\/strong><\/p>\n<p>9: Maternidad centrada en la familia. Disertante: Esteban Wessolowski.<\/p>\n<p>10: Mesa redonda con familiares de pacientes y ex pacientes prematuros y equipo de salud.<\/p>\n<p>11: Entrega de recordatorios para padres de los prematuros.<\/p>\n<p>&nbsp;<\/p>\n<p><strong>Jueves 17 <\/strong><\/p>\n<p>18: Festejos en la Plaza 1\u00b0 de Mayo. Suelta de globos. Payasos. M\u00fasica.<\/p>\n<p><strong>\u00a0<\/strong><\/p>\n<p><strong>Viernes 18 <\/strong><\/p>\n<p>9: Calidad de los cuidados de enfermer\u00eda. Factores de cambio con el equipo de salud neonatal.<\/p>\n<p>10: Definici\u00f3n del logo del servicio. Sorpresas. Brindis.<\/p>\n","protected":false},"excerpt":{"rendered":"<p>En 2010 se identificaron y definieron diez derechos esenciales, que constituyen el dec\u00e1logo de los derechos de los reci\u00e9n nacidos prematuros y han dado forma a los temas centrales de cada campa\u00f1a anual. Este a\u00f1o, la semana estar\u00e1 centrada en el derecho 4 que pone eje en el rol fundamental de las enfermeras: \u201cLos reci\u00e9n nacidos de parto prematuro tienen derecho a recibir cuidados de enfermer\u00eda de alta calidad orientados a proteger su desarrollo y centrados en la familia\u201d &nbsp; &nbsp; &nbsp; &nbsp; &nbsp; Como se viene desarrollando desde 2010,&#8230;<\/p>\n","protected":false},"author":3,"featured_media":4474,"comment_status":"closed","ping_status":"closed","sticky":false,"template":"","format":"standard","meta":[],"categories":[15],"tags":[],"_links":{"self":[{"href":"https:\/\/www.actualidadadiario.com\/index.php\/wp-json\/wp\/v2\/posts\/4473"}],"collection":[{"href":"https:\/\/www.actualidadadiario.com\/index.php\/wp-json\/wp\/v2\/posts"}],"about":[{"href":"https:\/\/www.actualidadadiario.com\/index.php\/wp-json\/wp\/v2\/types\/post"}],"author":[{"embeddable":true,"href":"https:\/\/www.actualidadadiario.com\/index.php\/wp-json\/wp\/v2\/users\/3"}],"replies":[{"embeddable":true,"href":"https:\/\/www.actualidadadiario.com\/index.php\/wp-json\/wp\/v2\/comments?post=4473"}],"version-history":[{"count":1,"href":"https:\/\/www.actualidadadiario.com\/index.php\/wp-json\/wp\/v2\/posts\/4473\/revisions"}],"predecessor-version":[{"id":4475,"href":"https:\/\/www.actualidadadiario.com\/index.php\/wp-json\/wp\/v2\/posts\/4473\/revisions\/4475"}],"wp:featuredmedia":[{"embeddable":true,"href":"https:\/\/www.actualidadadiario.com\/index.php\/wp-json\/wp\/v2\/media\/4474"}],"wp:attachment":[{"href":"https:\/\/www.actualidadadiario.com\/index.php\/wp-json\/wp\/v2\/media?parent=4473"}],"wp:term":[{"taxonomy":"category","embeddable":true,"href":"https:\/\/www.actualidadadiario.com\/index.php\/wp-json\/wp\/v2\/categories?post=4473"},{"taxonomy":"post_tag","embeddable":true,"href":"https:\/\/www.actualidadadiario.com\/index.php\/wp-json\/wp\/v2\/tags?post=4473"}],"curies":[{"name":"wp","href":"https:\/\/api.w.org\/{rel}","templated":true}]}}