{"id":4470,"date":"2016-11-14T10:14:38","date_gmt":"2016-11-14T13:14:38","guid":{"rendered":"http:\/\/actualidadadiario.com\/site\/?p=4470"},"modified":"2016-11-14T10:14:38","modified_gmt":"2016-11-14T13:14:38","slug":"se-priorizan-proyectos-para-el-desarrollo-competitivo-en-el-centro-norte-entrerriano","status":"publish","type":"post","link":"https:\/\/www.actualidadadiario.com\/index.php\/2016\/11\/14\/se-priorizan-proyectos-para-el-desarrollo-competitivo-en-el-centro-norte-entrerriano\/","title":{"rendered":"Se priorizan proyectos para el desarrollo competitivo en el centro norte entrerriano"},"content":{"rendered":"<p><em><strong>Con el objetivo de definir la formulaci\u00f3n de los proyectos que apuntan a la mejora competitiva de distintas actividades productivas de la microrregi\u00f3n Rutas 127 y 12, representantes institucionales y funcionarios p\u00fablicos provinciales y nacionales, coordinaron acciones a desarrollar en conjunto dentro del programa de Iniciativas de Desarrollo de Microrregiones (IDEMI). Participan localidades de los departamentos Federaci\u00f3n, Feliciano, Federal, La Paz, y norte del departamento Paran\u00e1<\/strong><\/em><\/p>\n<p>&nbsp;<\/p>\n<p>&nbsp;<\/p>\n<p>&nbsp;<\/p>\n<p>&nbsp;<\/p>\n<p>&nbsp;<\/p>\n<p>&nbsp;<\/p>\n<p>Desde el gobierno de la provincia de Entre R\u00edos se impulsa, para la microrregi\u00f3n Rutas 127 y 12, el componente de Iniciativas de Desarrollo de Microrregiones (IDEMI) del Programa de Servicios Agr\u00edcolas Provinciales (Prosap) que forma parte de la cartera del Ministerio de Agroindustria a trav\u00e9s de la Unidad para el Cambio Rural.<\/p>\n<p>&nbsp;<\/p>\n<p>La articulaci\u00f3n de la presente pol\u00edtica p\u00fablica se lleva adelante desde el Ministerio de Planeamiento, Infraestructura y Servicios, a trav\u00e9s de la Secretar\u00eda de Inversi\u00f3n P\u00fablica y Desarrollo Territorial, \u00e1rea de competencia en nuestra provincia del Prosap.<\/p>\n<p>&nbsp;<\/p>\n<p>&nbsp;<\/p>\n<p>El encuentro estuvo encabezado por el coordinador General de la Secretar\u00eda de Inversi\u00f3n P\u00fablica, Ariel Robles, acompa\u00f1ado por el coordinador Nacional IDEMI, Guillermo Laffaye; la coordinadora provincial IDEMI, Alicia Beker; junto a los facilitadores del programa y t\u00e9cnicos del organismo provincial.<\/p>\n<p>&nbsp;<\/p>\n<p>En ese marco, Guillermo Laffaye explic\u00f3: \u201cVenimos a retomar el trabajo de planificaci\u00f3n del programa de desarrollo y mejora competitiva, en el cual estamos cerrando la fase de formulaci\u00f3n, con vistas a la siguiente etapa de articulaci\u00f3n para la ejecuci\u00f3n de los proyectos que surjan de esa planificaci\u00f3n territorial\u201d.<\/p>\n<p>&nbsp;<\/p>\n<p>\u201cLos proyectos son muy variados, por un lado son productivos, de fortalecimiento institucional, de asociaci\u00f3n colectiva para fortalecer los entramados socio-productivos, ya que el esp\u00edritu que tienen estas iniciativas es desarrollar una l\u00f3gica desde una caracterizaci\u00f3n tecno-productiva, con una mirada fuertemente orientada al aspecto social de los territorios\u201d, destac\u00f3 adem\u00e1s.<\/p>\n<p>&nbsp;<\/p>\n<p>Los beneficiarios de estos proyectos son peque\u00f1os productores de alimentos, emprendedores y emprendedoras de la econom\u00eda social que participan de empresas y cooperativas interesadas en generar sinergias para la innovaci\u00f3n tecnol\u00f3gica y el desarrollo de la infraestructura, en conjunto con el impulso comercial sobre las rutas del corredor 127 y 12.<\/p>\n<p>&nbsp;<\/p>\n<p>Los proyectos priorizados son el resultado de una serie de foros participativos, encuentros y talleres que se desarrollaron a lo largo de todo el a\u00f1o y donde participaron alrededor de 200 personas. En estas instancias surgieron distintos ejes estrat\u00e9gicos hacia donde orientar las inversiones destinadas a incrementar la producci\u00f3n, mejorar los canales de comercializaci\u00f3n local y regional, la capacitaci\u00f3n y fortalecimiento de las organizaciones productivas a trav\u00e9s de experiencias asociativas que sean sustentables en el tiempo.<\/p>\n","protected":false},"excerpt":{"rendered":"<p>Con el objetivo de definir la formulaci\u00f3n de los proyectos que apuntan a la mejora competitiva de distintas actividades productivas de la microrregi\u00f3n Rutas 127 y 12, representantes institucionales y funcionarios p\u00fablicos provinciales y nacionales, coordinaron acciones a desarrollar en conjunto dentro del programa de Iniciativas de Desarrollo de Microrregiones (IDEMI). Participan localidades de los departamentos Federaci\u00f3n, Feliciano, Federal, La Paz, y norte del departamento Paran\u00e1 &nbsp; &nbsp; &nbsp; &nbsp; &nbsp; &nbsp; Desde el gobierno de la provincia de Entre R\u00edos se impulsa, para la microrregi\u00f3n Rutas 127 y 12,&#8230;<\/p>\n","protected":false},"author":3,"featured_media":4471,"comment_status":"closed","ping_status":"closed","sticky":false,"template":"","format":"standard","meta":[],"categories":[15],"tags":[],"_links":{"self":[{"href":"https:\/\/www.actualidadadiario.com\/index.php\/wp-json\/wp\/v2\/posts\/4470"}],"collection":[{"href":"https:\/\/www.actualidadadiario.com\/index.php\/wp-json\/wp\/v2\/posts"}],"about":[{"href":"https:\/\/www.actualidadadiario.com\/index.php\/wp-json\/wp\/v2\/types\/post"}],"author":[{"embeddable":true,"href":"https:\/\/www.actualidadadiario.com\/index.php\/wp-json\/wp\/v2\/users\/3"}],"replies":[{"embeddable":true,"href":"https:\/\/www.actualidadadiario.com\/index.php\/wp-json\/wp\/v2\/comments?post=4470"}],"version-history":[{"count":1,"href":"https:\/\/www.actualidadadiario.com\/index.php\/wp-json\/wp\/v2\/posts\/4470\/revisions"}],"predecessor-version":[{"id":4472,"href":"https:\/\/www.actualidadadiario.com\/index.php\/wp-json\/wp\/v2\/posts\/4470\/revisions\/4472"}],"wp:featuredmedia":[{"embeddable":true,"href":"https:\/\/www.actualidadadiario.com\/index.php\/wp-json\/wp\/v2\/media\/4471"}],"wp:attachment":[{"href":"https:\/\/www.actualidadadiario.com\/index.php\/wp-json\/wp\/v2\/media?parent=4470"}],"wp:term":[{"taxonomy":"category","embeddable":true,"href":"https:\/\/www.actualidadadiario.com\/index.php\/wp-json\/wp\/v2\/categories?post=4470"},{"taxonomy":"post_tag","embeddable":true,"href":"https:\/\/www.actualidadadiario.com\/index.php\/wp-json\/wp\/v2\/tags?post=4470"}],"curies":[{"name":"wp","href":"https:\/\/api.w.org\/{rel}","templated":true}]}}