{"id":4467,"date":"2016-11-14T10:13:51","date_gmt":"2016-11-14T13:13:51","guid":{"rendered":"http:\/\/actualidadadiario.com\/site\/?p=4467"},"modified":"2016-11-14T10:13:51","modified_gmt":"2016-11-14T13:13:51","slug":"el-gobierno-provincial-logro-optimizar-y-mejorar-el-transporte-escolar-rural","status":"publish","type":"post","link":"https:\/\/www.actualidadadiario.com\/index.php\/2016\/11\/14\/el-gobierno-provincial-logro-optimizar-y-mejorar-el-transporte-escolar-rural\/","title":{"rendered":"El gobierno provincial logr\u00f3 optimizar y mejorar el transporte escolar rural"},"content":{"rendered":"<p><em><strong>Desde el 1 de marzo, la organizaci\u00f3n y administraci\u00f3n del Servicio de Transporte Escolar Rural fue transferida al Instituto Aut\u00e1rquico Becario Provincial, en una disposici\u00f3n que apunt\u00f3 a cambiar, mejorar y optimizar la prestaci\u00f3n. Ahora los 17 departamentos entrerrianos cuentan con el servicio, se ampliaron recorridos y unificaron criterios de solicitud. Con una inversi\u00f3n anual que supera los 75 millones de pesos se beneficia directamente a 9.000 alumnos<\/strong><\/em><\/p>\n<p>&nbsp;<\/p>\n<p>&nbsp;<\/p>\n<p>&nbsp;<\/p>\n<p>&nbsp;<\/p>\n<p>&nbsp;<\/p>\n<p>Para la directora del Instituto Becario, Mayda Cresto, \u201cel gobernador Gustavo Bordet, cuando anunci\u00f3 el traspaso del Transporte Escolar Rural a la \u00f3rbita de nuestro Becario, lo hizo con la condici\u00f3n de que se mejore la prestaci\u00f3n, se regule su funcionamiento y se optimicen los recursos destinados al mismo; siempre pensando en el objetivo principal de esta inversi\u00f3n, que es asegurar la escolaridad de miles de chicos de zona rural que necesitan ser transportados al establecimiento educativo\u201d.<\/p>\n<p>&nbsp;<\/p>\n<p>Al respecto, record\u00f3 que el mandatario provincial oportunamente expres\u00f3 que &#8220;tenemos la decisi\u00f3n de optimizar el sistema de transporte por lo que se dispuso ceder el control de esta tarea al Instituto Becario, bajo la estricta premisa que le sirva al alumno que tiene que transitar los kil\u00f3metros desde su casa hacia la escuela\u201d.<\/p>\n<p>&nbsp;<\/p>\n<p>\u201cBajo esos ejes hemos trabajado para garantizarlo, para mejorar los canales de comunicaci\u00f3n, para que las dos partes cumplamos con lo que nos compete, y que sea un servicio bueno y redituable\u201d, explic\u00f3 Cresto.<\/p>\n<p>&nbsp;<\/p>\n<p>El equipo del organismo becario recorri\u00f3 la provincia convocando a los distintos actores intervinientes para participar de una charla informativa; para plantear dudas, proponer ideas superadoras, debatir situaciones problem\u00e1ticas, pensando en mejorar esta inversi\u00f3n del Estado provincial.<\/p>\n<p>&nbsp;<\/p>\n<p>En un trabajo mancomunado, el Instituto recorri\u00f3 los tramos establecidos junto a los transportistas, poni\u00e9ndose en contacto con padres, alumnos, docentes y, l\u00f3gicamente, el prestador de servicio. All\u00ed se constataron los kil\u00f3metros recorridos, la situaci\u00f3n de los caminos; pero tambi\u00e9n distintas irregularidades como el cobro de pasajes a los chicos, distancias que no estaban contempladas o facturadas de m\u00e1s, y hasta d\u00edas en que no se realiz\u00f3 el trabajo.<\/p>\n<p>&nbsp;<\/p>\n<p>La titular del Instituto Becario describi\u00f3 que \u201cnos encontramos distintas realidades en cada departamento. Recorrimos hasta tres veces algunos puntos para certificar el cumplimiento de lo pautado, con el compromiso siempre de acelerar los tr\u00e1mites administrativos, simplificando la documentaci\u00f3n a presentar, siendo claros y expeditivos en las resoluciones\u201d.<\/p>\n<p>&nbsp;<\/p>\n<p>La presencia del Becario en el territorio fue fundamental para acreditar en qu\u00e9 forma se realizaba la tarea, pero la comunicaci\u00f3n desde la Casa Central y a trav\u00e9s de los coordinadores departamentales tambi\u00e9n fue clave para generar confianza, informar con celeridad y claridad, para que la documentaci\u00f3n y presentaci\u00f3n de los &#8220;papeles&#8221; del transportista sea a t\u00e9rmino; y de esa manera que la administraci\u00f3n pueda cumplir con los requerimientos b\u00e1sicos y obligatorios para generar el pago de la prestaci\u00f3n.<\/p>\n<p>&nbsp;<\/p>\n<p>Mayda Cresto destac\u00f3 &#8220;el compromiso y la gesti\u00f3n del gobernador para llegar a cumplir con lo previsto. En las diferentes reuniones hicimos hincapi\u00e9 en que nuestra organizaci\u00f3n tendr\u00eda cambios sustanciales, entre lo que se destaca el pago en el tiempo previsto, algo que lleva mucha tranquilidad al empresario del transporte&#8221;. En la actualidad, el servicio se viene abonando a los 60 d\u00edas de presentada la documentaci\u00f3n correspondiente.<\/p>\n<p>&nbsp;<\/p>\n<p>&nbsp;<\/p>\n<p>&nbsp;<\/p>\n<p>&nbsp;<\/p>\n<p>&nbsp;<\/p>\n<p>&nbsp;<\/p>\n<p>&nbsp;<\/p>\n<p><strong>M\u00e1s estudiantes beneficiados <\/strong><\/p>\n<p>M\u00e1s de 9. 000 alumnos utilizan este medio para estudiar a diario. Un esfuerzo personal y familiar que es acompa\u00f1ado por el gobierno provincial para garantizar el derecho a la escolaridad de nuestros j\u00f3venes de zonas rurales.<\/p>\n<p>&nbsp;<\/p>\n<p>En el corriente ciclo lectivo, la optimizaci\u00f3n del servicio permiti\u00f3 que se sume el departamento Diamante, el \u00fanico que no contaba con la prestaci\u00f3n. Adem\u00e1s, se sumaron nuevos tramos y se ampliaron recorridos, por lo que el trabajo articulado, ordenado y prudente, permiti\u00f3 que m\u00e1s chicos reciban este acompa\u00f1amiento del gobierno provincial.<\/p>\n<p>&nbsp;<\/p>\n<p>&nbsp;<\/p>\n<p>&nbsp;<\/p>\n<p>&nbsp;<\/p>\n<p>&nbsp;<\/p>\n<p>&nbsp;<\/p>\n<p><strong>Importante inversi\u00f3n anual <\/strong><\/p>\n<p>El Tesoro de la provincia destin\u00f3 m\u00e1s de 52.5 millones de pesos para el cumplimiento del Transporte Escolar Rural de las escuelas que dependen del Consejo General de Educaci\u00f3n.<\/p>\n<p>&nbsp;<\/p>\n<p>De la misma manera, unos 22.5 millones de pesos anuales destina el Instituto Nacional de Educaci\u00f3n Tecnol\u00f3gica \u2013INET-. En este concepto est\u00e1n incluidas todas las escuelas t\u00e9cnicas y agrot\u00e9cnicas de la provincia que hayan solicitado el servicio y cumplimentado la documentaci\u00f3n.<\/p>\n<p>&nbsp;<\/p>\n<p>&nbsp;<\/p>\n<p>&nbsp;<\/p>\n<p>&nbsp;<\/p>\n<p>&nbsp;<\/p>\n<p>&nbsp;<\/p>\n<p>&nbsp;<\/p>\n<p><strong>Regularizaci\u00f3n y bancarizaci\u00f3n <\/strong><\/p>\n<p>Las nuevas directivas del gobierno, a trav\u00e9s del Instituto Becario, derivaron en que los empresarios que quieran prestar servicio deban actualizarse en su documentaci\u00f3n general.<\/p>\n<p>&nbsp;<\/p>\n<p>Cabe subrayar que despu\u00e9s de algunos meses de tolerancia, la totalidad de los colectivos y combis que transportan alumnos cuentan con la habilitaci\u00f3n expedida por la Secretaria de Transporte de Entre R\u00edos.<\/p>\n<p>&nbsp;<\/p>\n<p>De la misma manera, para facilitar el pago y no ocasionar inconvenientes o viajes a quienes trabajan, el pago se realiza a trav\u00e9s de transferencias bancarias por lo que ninguno de los prestadores debe golpear puertas, esperar en dependencias del Estado, por citar ejemplos, para cobrar.<\/p>\n<p>&nbsp;<\/p>\n<p>&nbsp;<\/p>\n<p>&nbsp;<\/p>\n<p>&nbsp;<\/p>\n<p>&nbsp;<\/p>\n<p>&nbsp;<\/p>\n<p><strong>Se prepara el 2017 <\/strong><\/p>\n<p>El equipo del Instituto Becario prepara el proceso licitatorio para el pr\u00f3ximo a\u00f1o lectivo. Los prestadores ya est\u00e1n en conocimiento sobre las diferentes instancias para continuar brindando el servicio. Se trabaja en conjunto con la Unidad Central de Contrataciones, qui\u00e9n ser\u00e1 la responsable de todo el procedimiento licitatorio. El organismo estima publicar los llamados a licitaci\u00f3n antes de fin de a\u00f1o.<\/p>\n","protected":false},"excerpt":{"rendered":"<p>Desde el 1 de marzo, la organizaci\u00f3n y administraci\u00f3n del Servicio de Transporte Escolar Rural fue transferida al Instituto Aut\u00e1rquico Becario Provincial, en una disposici\u00f3n que apunt\u00f3 a cambiar, mejorar y optimizar la prestaci\u00f3n. Ahora los 17 departamentos entrerrianos cuentan con el servicio, se ampliaron recorridos y unificaron criterios de solicitud. Con una inversi\u00f3n anual que supera los 75 millones de pesos se beneficia directamente a 9.000 alumnos &nbsp; &nbsp; &nbsp; &nbsp; &nbsp; Para la directora del Instituto Becario, Mayda Cresto, \u201cel gobernador Gustavo Bordet, cuando anunci\u00f3 el traspaso del&#8230;<\/p>\n","protected":false},"author":3,"featured_media":4468,"comment_status":"closed","ping_status":"closed","sticky":false,"template":"","format":"standard","meta":[],"categories":[15],"tags":[],"_links":{"self":[{"href":"https:\/\/www.actualidadadiario.com\/index.php\/wp-json\/wp\/v2\/posts\/4467"}],"collection":[{"href":"https:\/\/www.actualidadadiario.com\/index.php\/wp-json\/wp\/v2\/posts"}],"about":[{"href":"https:\/\/www.actualidadadiario.com\/index.php\/wp-json\/wp\/v2\/types\/post"}],"author":[{"embeddable":true,"href":"https:\/\/www.actualidadadiario.com\/index.php\/wp-json\/wp\/v2\/users\/3"}],"replies":[{"embeddable":true,"href":"https:\/\/www.actualidadadiario.com\/index.php\/wp-json\/wp\/v2\/comments?post=4467"}],"version-history":[{"count":1,"href":"https:\/\/www.actualidadadiario.com\/index.php\/wp-json\/wp\/v2\/posts\/4467\/revisions"}],"predecessor-version":[{"id":4469,"href":"https:\/\/www.actualidadadiario.com\/index.php\/wp-json\/wp\/v2\/posts\/4467\/revisions\/4469"}],"wp:featuredmedia":[{"embeddable":true,"href":"https:\/\/www.actualidadadiario.com\/index.php\/wp-json\/wp\/v2\/media\/4468"}],"wp:attachment":[{"href":"https:\/\/www.actualidadadiario.com\/index.php\/wp-json\/wp\/v2\/media?parent=4467"}],"wp:term":[{"taxonomy":"category","embeddable":true,"href":"https:\/\/www.actualidadadiario.com\/index.php\/wp-json\/wp\/v2\/categories?post=4467"},{"taxonomy":"post_tag","embeddable":true,"href":"https:\/\/www.actualidadadiario.com\/index.php\/wp-json\/wp\/v2\/tags?post=4467"}],"curies":[{"name":"wp","href":"https:\/\/api.w.org\/{rel}","templated":true}]}}