{"id":4464,"date":"2016-11-14T10:12:44","date_gmt":"2016-11-14T13:12:44","guid":{"rendered":"http:\/\/actualidadadiario.com\/site\/?p=4464"},"modified":"2016-11-14T10:12:44","modified_gmt":"2016-11-14T13:12:44","slug":"el-copnaf-prioriza-la-capacitacion-de-sus-equipos-profesionales-en-casos-de-violencia-y-abuso","status":"publish","type":"post","link":"https:\/\/www.actualidadadiario.com\/index.php\/2016\/11\/14\/el-copnaf-prioriza-la-capacitacion-de-sus-equipos-profesionales-en-casos-de-violencia-y-abuso\/","title":{"rendered":"El Copnaf prioriza la capacitaci\u00f3n de sus equipos profesionales en casos de violencia y abuso"},"content":{"rendered":"<p><em><strong>El gobernador Gustavo Bordet recibi\u00f3 en su despacho a la presidenta Consejo Provincial del Ni\u00f1o, el Adolescente y la Familia (Copnaf), Marisa Paira. Priorizaron la capacitaci\u00f3n del personal de toda la provincia en distintos niveles de incumbencia y \u00e1reas de responsabilidad para el abordaje de casos de violencia y abuso<\/strong><\/em><\/p>\n<p>&nbsp;<\/p>\n<p>&nbsp;<\/p>\n<p>&nbsp;<\/p>\n<p>&nbsp;<\/p>\n<p>&nbsp;<\/p>\n<p>&nbsp;<\/p>\n<p>Paira destac\u00f3 que \u201clas modalidades y pr\u00e1cticas de intervenci\u00f3n profesional, abordaje del abuso sexual infantil y adolescente, medidas de adoptabilidad, atenci\u00f3n en crisis y violencia intrafamiliar, son algunos de los temas que tratan las acciones formativas que se est\u00e1n desarrollando\u201d.<\/p>\n<p>&nbsp;<\/p>\n<p>La funcionaria resalt\u00f3 que junto a la vicepresidente de la instituci\u00f3n, Mar\u00eda del Huerto Reutlinger, llevan adelante una pol\u00edtica que tiene como objetivo de la conducci\u00f3n sobre distintos sectores de recursos humanos es actualizarlos en protocolos de intervenci\u00f3n, intercambiar sus experiencias con sus pares de los dem\u00e1s departamentos y darles herramientas te\u00f3ricas y pr\u00e1cticas para abordar los nuevos escenarios que presentan las problem\u00e1ticas de ni\u00f1ez y adolescencia, los cuales aparecen como verdaderos desaf\u00edos.<\/p>\n<p>&nbsp;<\/p>\n<p>Por eso, resalt\u00f3 que \u201cse est\u00e1n implementando distintas acciones en este sentido, que incluso involucran a recursos humanos de otras instituciones oficiales provinciales, municipales y civiles que tambi\u00e9n tienen alg\u00fan tipo conexi\u00f3n o trabajo en red con el Copnaf.<\/p>\n<p>&nbsp;<\/p>\n<p>Detall\u00f3 que en distintas etapas desde el mes de junio, directivos, profesionales, equipos t\u00e9cnicos, administrativos, promotores de derechos, actores sociales (como por ejemplo docentes, trabajadores en salud, trabajo social entre otros niveles de abordaje), son los destinatarios de jornadas de trabajo en donde luego reciben sus respectivos certificados que acreditan los distintos procesos de actualizaci\u00f3n que la provincia, desde el organismo, comenz\u00f3 a proveerlos.<\/p>\n<p>&nbsp;<\/p>\n<p>&nbsp;<\/p>\n<p>&nbsp;<\/p>\n<p>&nbsp;<\/p>\n<p>&nbsp;<\/p>\n<p>&nbsp;<\/p>\n<p><strong>Contra el abuso sexual infantil <\/strong><\/p>\n<p>Paira hizo saber a Bordet que la difusi\u00f3n del Protocolo de Abuso Sexual Infantil (ASI) a trav\u00e9s de jornadas interinstitucionales en los departamentos de La Paz, Islas del Ibicuy, Gualeguaych\u00fa, Col\u00f3n, y Concordia han reunido hasta ahora a 2100 asistentes, y falta concretarse una m\u00e1s en Feliciano para cerrar un primer recorrido que continuar\u00e1 no bien se inicie el a\u00f1o pr\u00f3ximo.<\/p>\n<p>&nbsp;<\/p>\n<p>En estos encuentros exponen profesionales del Copnaf, del Consejo General de Educaci\u00f3n, de los Ministerios de Gobierno, Salud y tambi\u00e9n representantes del Poder Judicial. En cada panel se exponen los lineamientos generales en torno al Protocolo ASI y las competencias de las \u00e1reas responsables de su cumplimiento. Los destinatarios no solamente son para gente del propio organismo sino que es abierta, especialmente a agentes que trabajan en situaciones donde es m\u00e1s frecuente detectar o tomar contacto con situaciones de abuso sexual infantil: directores departamentales de escuelas, supervisores de todos los niveles y modalidades, SAIE, EOE, educaci\u00f3n primaria, educaci\u00f3n secundaria, educaci\u00f3n especial. Tambi\u00e9n a directores de los hospitales del Departamento y representantes de los equipos de salud del territorio. A defensores de Pobres y Menores, fiscales, jueces, jueces de Paz de la jurisdicci\u00f3n, \u00c1reas de Ni\u00f1ez del Departamento visitado. A representantes de las comisar\u00edas del Departamento y referentes de organizaciones sociales y religiosas.<\/p>\n<p>&nbsp;<\/p>\n<p>Los encuentros los organiza cada coordinaci\u00f3n departamental del Copnaf y tiene la finalidad de articular en el territorio las acciones para el cumplimiento de las competencias institucionales que garanticen la protecci\u00f3n de las ni\u00f1as, ni\u00f1os y adolescentes y el acceso a sus derechos. En La Paz hubo 300 asistentes (24 de junio), en Ibicuy otros 300 (19 de agosto), en Gualeguaych\u00fa 500 (23 de septiembre), en Col\u00f3n 400 (21 de octubre), en Concordia 600 (11 de noviembre).<\/p>\n<p>&nbsp;<\/p>\n<p>El recorrido iniciado, departamento por departamento, busca \u201ca que podamos repensar una estrategia en el abordaje de esta problem\u00e1tica, ya que el Protocolo tiene la riqueza de ser una gu\u00eda y una pauta de trabajo para evitar la re-victimizaci\u00f3n de los ni\u00f1os y adolescentes pero que cada departamento, cada localidad, tiene que ponerle la encarnadura de lo propio, desde los recursos y de la realidad local, esta es la idea de la descentralizaci\u00f3n y el trabajo en territorio que adem\u00e1s indic\u00f3 el gobernador Gustavo Bordet\u201d, explic\u00f3 Paira, la presidenta del Copnaf, en este sentido.<\/p>\n<p>&nbsp;<\/p>\n<p>La provincia de Entre R\u00edos fue la primera en crear y aprobar un Protocolo de actuaci\u00f3n para situaciones de presunto Abuso Sexual infantil (ASI). Es aprobado por Decreto 2405\/10 MGJE, del Poder Ejecutivo y por Acuerdo N\u00ba 22\/10 Del STJ actualmente vigente. Este protocolo fue producto de una construcci\u00f3n participativa entre varios sectores como Poder Judicial, el Ministerio P\u00fablico de la Defensa, los Ministerios de Salud, de Gobierno, Consejo Provincial del Ni\u00f1o, Adolescente y la Familia, Consejo General de Educaci\u00f3n y Polic\u00eda de Entre R\u00edos. El objetivo principal es evitar la re-victimizaci\u00f3n de los ni\u00f1os y adolescentes v\u00edctimas de abuso sexual y promover redes de trabajo interdisciplinar e interinstitucional.<\/p>\n","protected":false},"excerpt":{"rendered":"<p>El gobernador Gustavo Bordet recibi\u00f3 en su despacho a la presidenta Consejo Provincial del Ni\u00f1o, el Adolescente y la Familia (Copnaf), Marisa Paira. Priorizaron la capacitaci\u00f3n del personal de toda la provincia en distintos niveles de incumbencia y \u00e1reas de responsabilidad para el abordaje de casos de violencia y abuso &nbsp; &nbsp; &nbsp; &nbsp; &nbsp; &nbsp; Paira destac\u00f3 que \u201clas modalidades y pr\u00e1cticas de intervenci\u00f3n profesional, abordaje del abuso sexual infantil y adolescente, medidas de adoptabilidad, atenci\u00f3n en crisis y violencia intrafamiliar, son algunos de los temas que tratan las&#8230;<\/p>\n","protected":false},"author":3,"featured_media":4465,"comment_status":"closed","ping_status":"closed","sticky":false,"template":"","format":"standard","meta":[],"categories":[9],"tags":[],"_links":{"self":[{"href":"https:\/\/www.actualidadadiario.com\/index.php\/wp-json\/wp\/v2\/posts\/4464"}],"collection":[{"href":"https:\/\/www.actualidadadiario.com\/index.php\/wp-json\/wp\/v2\/posts"}],"about":[{"href":"https:\/\/www.actualidadadiario.com\/index.php\/wp-json\/wp\/v2\/types\/post"}],"author":[{"embeddable":true,"href":"https:\/\/www.actualidadadiario.com\/index.php\/wp-json\/wp\/v2\/users\/3"}],"replies":[{"embeddable":true,"href":"https:\/\/www.actualidadadiario.com\/index.php\/wp-json\/wp\/v2\/comments?post=4464"}],"version-history":[{"count":1,"href":"https:\/\/www.actualidadadiario.com\/index.php\/wp-json\/wp\/v2\/posts\/4464\/revisions"}],"predecessor-version":[{"id":4466,"href":"https:\/\/www.actualidadadiario.com\/index.php\/wp-json\/wp\/v2\/posts\/4464\/revisions\/4466"}],"wp:featuredmedia":[{"embeddable":true,"href":"https:\/\/www.actualidadadiario.com\/index.php\/wp-json\/wp\/v2\/media\/4465"}],"wp:attachment":[{"href":"https:\/\/www.actualidadadiario.com\/index.php\/wp-json\/wp\/v2\/media?parent=4464"}],"wp:term":[{"taxonomy":"category","embeddable":true,"href":"https:\/\/www.actualidadadiario.com\/index.php\/wp-json\/wp\/v2\/categories?post=4464"},{"taxonomy":"post_tag","embeddable":true,"href":"https:\/\/www.actualidadadiario.com\/index.php\/wp-json\/wp\/v2\/tags?post=4464"}],"curies":[{"name":"wp","href":"https:\/\/api.w.org\/{rel}","templated":true}]}}