{"id":4461,"date":"2016-11-14T10:11:55","date_gmt":"2016-11-14T13:11:55","guid":{"rendered":"http:\/\/actualidadadiario.com\/site\/?p=4461"},"modified":"2016-11-14T10:11:55","modified_gmt":"2016-11-14T13:11:55","slug":"el-70-por-ciento-de-los-emprendedores-entrerrianos-se-quieren-capacitar","status":"publish","type":"post","link":"https:\/\/www.actualidadadiario.com\/index.php\/2016\/11\/14\/el-70-por-ciento-de-los-emprendedores-entrerrianos-se-quieren-capacitar\/","title":{"rendered":"El 70 por ciento de los emprendedores entrerrianos se quieren capacitar"},"content":{"rendered":"<p><em><strong>Con el objetivo de contar con el perfil del emprendedor entrerriano que permitiera dar respuesta y tomar decisiones en torno a las pol\u00edticas para el sector, el gobierno provincial y el Consejo Federal de Inversiones (CFI) desarrollaron un estudio dirigido a emprendedores agropecuario, industrial y de servicios asociados a ambos sectores. De all\u00ed se desprende que los emprendedores industriales valoran las ferias y rondas de negocios, en tanto que para los agropecuarios el mercado y la comercializaci\u00f3n a\u00fan resulta un desaf\u00edo<\/strong><\/em><\/p>\n<p>&nbsp;<\/p>\n<p>&nbsp;<\/p>\n<p>&nbsp;<\/p>\n<p>&nbsp;<\/p>\n<p>&nbsp;<\/p>\n<p>&nbsp;<\/p>\n<p>Emprender en Entre R\u00edos no es visto simplemente como una actividad m\u00e1s, un trabajo tradicional, o una forma de proveerse de un ingreso extra. Este concepto, que aparece muy mencionado en la actualidad, pero que ya registra varios a\u00f1os de desarrollo en todo el territorio provincial, tiene fuerte implicancia en la vida cotidiana de los entrerrianos que encontraron a trav\u00e9s de esta v\u00eda la forma de cumplir sus sue\u00f1os.<\/p>\n<p>&nbsp;<\/p>\n<p>En ese marco, la Secretar\u00eda de Relaciones institucionales del Ministerio de Producci\u00f3n de Entre R\u00edos, y el Consejo Federal de Inversiones (CFI) desarrollaron un estudio. Al respecto, el secretario de Relaciones Institucionales, Pedro Gebhart, dijo que \u201cconstituye un aporte para el emprendedorismo entrerriano, en cuanto aporta conocimiento de la realidad por la que transitan diariamente, sus or\u00edgenes, motivaciones y aspiraciones. Tener claro el perfil del emprendedor entrerriano nos permite tomar mejores decisiones en nuestras pol\u00edticas para el sector y brindar mayores respuestas\u201d.<\/p>\n<p>&nbsp;<\/p>\n<p>El estudio se realiz\u00f3 en dos fases simult\u00e1neas y complementarias al mismo tiempo. La primera, de car\u00e1cter cuantitativo y sobre una base de 420 casos. En una segunda instancia, de car\u00e1cter cualitativa, se llevaron a cabo dos encuentros a trav\u00e9s de las t\u00e9cnicas din\u00e1micas de grupos focales (Focus Group) con el objetivo de explorar el perfil actitudinal de los emprendedores durante el ciclo de vida de sus emprendimientos, identificando adem\u00e1s las principales motivaciones y debilidades.<\/p>\n<p>&nbsp;<\/p>\n<p>&nbsp;<\/p>\n<p>&nbsp;<\/p>\n<p>&nbsp;<\/p>\n<p>&nbsp;<\/p>\n<p>&nbsp;<\/p>\n<p>&nbsp;<\/p>\n<p><strong>En n\u00fameros <\/strong><\/p>\n<p>Los resultados indican que el 70 por ciento de los emprendedores manifiestan la necesidad de acceder a alguna forma de capacitaci\u00f3n, segmentado espec\u00edficamente en comercializaci\u00f3n y ventas (36 por ciento). Se complementa este ranking de menciones con procesos de producci\u00f3n (32 por ciento), marketing (26 por ciento), redes sociales (4 por ciento) y asuntos legales y tributarios (2 por ciento).<\/p>\n<p>&nbsp;<\/p>\n<p>&nbsp;<\/p>\n<p>&nbsp;<\/p>\n<p>&nbsp;<\/p>\n<p>&nbsp;<\/p>\n<p><strong>Emprendedores industriales y agropecuarios: dos visiones diferentes <\/strong><\/p>\n<p>El \u201carraigo familiar\u201d, para el emprendedor del sector agropecuario, representa una huella imborrable en su identidad. Esta cultura, muchas veces heredada de un saber hacer familiar, los impulsa a resistir las contingencias econ\u00f3micas y los lleva a organizar la unidad familiar en funci\u00f3n de la unidad emprendedora. El mercado y la comercializaci\u00f3n de sus productos o servicios, tienen caracter\u00edsticas m\u00e1s microlocales, donde las condiciones no les resultan favorables por la escala econ\u00f3mica donde se insertan.<\/p>\n<p>&nbsp;<\/p>\n<p>El emprendedor industrial, en tanto, simboliza caracter\u00edsticas de corte m\u00e1s urbano. As\u00ed el emprendimiento constituye \u201cun sue\u00f1o\u201d que nace en parte como un \u00a8hobby\u00a8, o habilidad desarrollada, y luego se convierte en una oportunidad para plasmar en los hechos<\/p>\n<p>&nbsp;<\/p>\n<p>Las ferias, y rondas de negocios, son consideradas verdaderas oportunidades para hacer visibles sus productos y servicios, que de otra manera no podr\u00edan lograrlo.<\/p>\n<p>&nbsp;<\/p>\n<p>&nbsp;<\/p>\n<p>&nbsp;<\/p>\n<p>&nbsp;<\/p>\n<p>&nbsp;<\/p>\n<p>&nbsp;<\/p>\n<p><strong>Ley de Emprendedores: Entre R\u00edos, a la vanguardia <\/strong><\/p>\n<p>La provincia de Entre R\u00edos cuenta con una legislaci\u00f3n de vanguardia en materia de emprendedorismo del pa\u00eds y con un aporte sustancial para la defensa de la identidad territorial de los entrerrianos.<\/p>\n<p>&nbsp;<\/p>\n<p>La sanci\u00f3n de la ley 10.394 que crea el R\u00e9gimen de Promoci\u00f3n para el Emprendedorismo Joven Entrerriano tiene entre sus principales objetivos fomentar el esp\u00edritu emprendedor en la juventud entrerriana a trav\u00e9s de la recepci\u00f3n, evaluaci\u00f3n y financiamiento de proyectos productivos ya sean de car\u00e1cter agropecuario, industrial o de servicios asociados a dichos sectores.<\/p>\n","protected":false},"excerpt":{"rendered":"<p>Con el objetivo de contar con el perfil del emprendedor entrerriano que permitiera dar respuesta y tomar decisiones en torno a las pol\u00edticas para el sector, el gobierno provincial y el Consejo Federal de Inversiones (CFI) desarrollaron un estudio dirigido a emprendedores agropecuario, industrial y de servicios asociados a ambos sectores. De all\u00ed se desprende que los emprendedores industriales valoran las ferias y rondas de negocios, en tanto que para los agropecuarios el mercado y la comercializaci\u00f3n a\u00fan resulta un desaf\u00edo &nbsp; &nbsp; &nbsp; &nbsp; &nbsp; &nbsp; Emprender en Entre&#8230;<\/p>\n","protected":false},"author":3,"featured_media":4462,"comment_status":"closed","ping_status":"closed","sticky":false,"template":"","format":"standard","meta":[],"categories":[15],"tags":[],"_links":{"self":[{"href":"https:\/\/www.actualidadadiario.com\/index.php\/wp-json\/wp\/v2\/posts\/4461"}],"collection":[{"href":"https:\/\/www.actualidadadiario.com\/index.php\/wp-json\/wp\/v2\/posts"}],"about":[{"href":"https:\/\/www.actualidadadiario.com\/index.php\/wp-json\/wp\/v2\/types\/post"}],"author":[{"embeddable":true,"href":"https:\/\/www.actualidadadiario.com\/index.php\/wp-json\/wp\/v2\/users\/3"}],"replies":[{"embeddable":true,"href":"https:\/\/www.actualidadadiario.com\/index.php\/wp-json\/wp\/v2\/comments?post=4461"}],"version-history":[{"count":1,"href":"https:\/\/www.actualidadadiario.com\/index.php\/wp-json\/wp\/v2\/posts\/4461\/revisions"}],"predecessor-version":[{"id":4463,"href":"https:\/\/www.actualidadadiario.com\/index.php\/wp-json\/wp\/v2\/posts\/4461\/revisions\/4463"}],"wp:featuredmedia":[{"embeddable":true,"href":"https:\/\/www.actualidadadiario.com\/index.php\/wp-json\/wp\/v2\/media\/4462"}],"wp:attachment":[{"href":"https:\/\/www.actualidadadiario.com\/index.php\/wp-json\/wp\/v2\/media?parent=4461"}],"wp:term":[{"taxonomy":"category","embeddable":true,"href":"https:\/\/www.actualidadadiario.com\/index.php\/wp-json\/wp\/v2\/categories?post=4461"},{"taxonomy":"post_tag","embeddable":true,"href":"https:\/\/www.actualidadadiario.com\/index.php\/wp-json\/wp\/v2\/tags?post=4461"}],"curies":[{"name":"wp","href":"https:\/\/api.w.org\/{rel}","templated":true}]}}