{"id":4458,"date":"2016-11-14T10:11:03","date_gmt":"2016-11-14T13:11:03","guid":{"rendered":"http:\/\/actualidadadiario.com\/site\/?p=4458"},"modified":"2016-11-14T10:11:03","modified_gmt":"2016-11-14T13:11:03","slug":"argentina-no-va-a-parar-de-hacer-obras-por-los-proximos-diez-anos","status":"publish","type":"post","link":"https:\/\/www.actualidadadiario.com\/index.php\/2016\/11\/14\/argentina-no-va-a-parar-de-hacer-obras-por-los-proximos-diez-anos\/","title":{"rendered":"&#8220;Argentina no va a parar de hacer obras por los pr\u00f3ximos diez a\u00f1os&#8221;"},"content":{"rendered":"<p><em><strong>El presidente Mauricio Macri afirm\u00f3 este lunes que &#8220;el a\u00f1o que viene&#8221; el Gobierno comenzar\u00e1 &#8220;todos los d\u00edas&#8221; cada jornada &#8220;inaugurando una obra que le transforme la vida a la gente&#8221; y vaticin\u00f3 que &#8220;la Argentina que so\u00f1amos no va a parar de hacer obras por los pr\u00f3ximos 10 a\u00f1os&#8221;, al encabezar el acto de inauguraci\u00f3n de una planta depuradora en Lan\u00fas, junto a la gobernadora bonaerense Mar\u00eda Eugenia Vidal<\/strong><\/em><\/p>\n<p>&nbsp;<\/p>\n<p>&nbsp;<\/p>\n<p>&nbsp;<\/p>\n<p>&nbsp;<\/p>\n<p>&nbsp;<\/p>\n<p>&nbsp;<\/p>\n<p>&nbsp;<\/p>\n<p>&nbsp;<\/p>\n<p>&#8220;Estamos creando trabajo de calidad, no clientelismo&#8221;, asegur\u00f3 Macri en este marco. Y a\u00f1adi\u00f3 que &#8220;el futuro empieza por casa, por creer en nosotros mismos, creer que si empezamos estas obras, las vamos a empezar juntos y terminar juntos&#8221;.<\/p>\n<p>&nbsp;<\/p>\n<p>El mandatario sostuvo que la obra &#8220;le va a cambiar la vida a 90 mil habitantes de Lan\u00fas&#8221;. Seg\u00fan la informaci\u00f3n oficial, los trabajos demandaron una inversi\u00f3n de m\u00e1s de 264 millones de pesos.<\/p>\n<p>&nbsp;<\/p>\n<p>&#8220;Estamos ac\u00e1 para demostrar que esto se construye recuperando el valor de la palabra, de recuperar la confianza que est\u00e1 puesta a prueba&#8221;, remarc\u00f3 Macri.<\/p>\n<p>&nbsp;<\/p>\n<p>La agenda presidencial continuar\u00e1 en Casa Rosada, cuando el primer mandatario presida una reuni\u00f3n de coordinaci\u00f3n de Gobierno en su despacho de la Casa de Gobierno.<\/p>\n<p>&nbsp;<\/p>\n<p>Al mediod\u00eda, Macri recibir\u00e1 al titular de Acciona, Jos\u00e9 Manuel Entrecanales Domecq, una corporaci\u00f3n empresarial espa\u00f1ola dedicada a la promoci\u00f3n y gesti\u00f3n de infraestructuras y energ\u00edas renovables.<\/p>\n<p>&nbsp;<\/p>\n<p>Por la noche, a las 20, el presidente mantendr\u00e1 una reuni\u00f3n con la diputada nacional y fundadora de la alianza gobernante Cambiemos Elisa Carri\u00f3 en la residencia de Olivos.<\/p>\n","protected":false},"excerpt":{"rendered":"<p>El presidente Mauricio Macri afirm\u00f3 este lunes que &#8220;el a\u00f1o que viene&#8221; el Gobierno comenzar\u00e1 &#8220;todos los d\u00edas&#8221; cada jornada &#8220;inaugurando una obra que le transforme la vida a la gente&#8221; y vaticin\u00f3 que &#8220;la Argentina que so\u00f1amos no va a parar de hacer obras por los pr\u00f3ximos 10 a\u00f1os&#8221;, al encabezar el acto de inauguraci\u00f3n de una planta depuradora en Lan\u00fas, junto a la gobernadora bonaerense Mar\u00eda Eugenia Vidal &nbsp; &nbsp; &nbsp; &nbsp; &nbsp; &nbsp; &nbsp; &nbsp; &#8220;Estamos creando trabajo de calidad, no clientelismo&#8221;, asegur\u00f3 Macri en este marco&#8230;.<\/p>\n","protected":false},"author":3,"featured_media":4459,"comment_status":"closed","ping_status":"closed","sticky":false,"template":"","format":"standard","meta":[],"categories":[2],"tags":[],"_links":{"self":[{"href":"https:\/\/www.actualidadadiario.com\/index.php\/wp-json\/wp\/v2\/posts\/4458"}],"collection":[{"href":"https:\/\/www.actualidadadiario.com\/index.php\/wp-json\/wp\/v2\/posts"}],"about":[{"href":"https:\/\/www.actualidadadiario.com\/index.php\/wp-json\/wp\/v2\/types\/post"}],"author":[{"embeddable":true,"href":"https:\/\/www.actualidadadiario.com\/index.php\/wp-json\/wp\/v2\/users\/3"}],"replies":[{"embeddable":true,"href":"https:\/\/www.actualidadadiario.com\/index.php\/wp-json\/wp\/v2\/comments?post=4458"}],"version-history":[{"count":1,"href":"https:\/\/www.actualidadadiario.com\/index.php\/wp-json\/wp\/v2\/posts\/4458\/revisions"}],"predecessor-version":[{"id":4460,"href":"https:\/\/www.actualidadadiario.com\/index.php\/wp-json\/wp\/v2\/posts\/4458\/revisions\/4460"}],"wp:featuredmedia":[{"embeddable":true,"href":"https:\/\/www.actualidadadiario.com\/index.php\/wp-json\/wp\/v2\/media\/4459"}],"wp:attachment":[{"href":"https:\/\/www.actualidadadiario.com\/index.php\/wp-json\/wp\/v2\/media?parent=4458"}],"wp:term":[{"taxonomy":"category","embeddable":true,"href":"https:\/\/www.actualidadadiario.com\/index.php\/wp-json\/wp\/v2\/categories?post=4458"},{"taxonomy":"post_tag","embeddable":true,"href":"https:\/\/www.actualidadadiario.com\/index.php\/wp-json\/wp\/v2\/tags?post=4458"}],"curies":[{"name":"wp","href":"https:\/\/api.w.org\/{rel}","templated":true}]}}