{"id":4447,"date":"2016-11-14T10:04:05","date_gmt":"2016-11-14T13:04:05","guid":{"rendered":"http:\/\/actualidadadiario.com\/site\/?p=4447"},"modified":"2016-11-14T10:04:05","modified_gmt":"2016-11-14T13:04:05","slug":"moyano-pide-que-antes-de-fin-de-ano-haya-alguna-senal-sobre-ganancias","status":"publish","type":"post","link":"https:\/\/www.actualidadadiario.com\/index.php\/2016\/11\/14\/moyano-pide-que-antes-de-fin-de-ano-haya-alguna-senal-sobre-ganancias\/","title":{"rendered":"Moyano pide que &#8220;antes de fin de a\u00f1o&#8221; haya &#8220;alguna se\u00f1al&#8221; sobre Ganancias"},"content":{"rendered":"<p><em><strong>El dirigente sindical camionero y ex secretario general de la CGT, Hugo Moyano, dijo que conf\u00eda que &#8220;antes de fin de a\u00f1o&#8221; el gobierno de Mauricio Macri de &#8220;alguna se\u00f1al&#8221; para morigerar el impacto que tiene el Impuesto a las Ganancias al que volvi\u00f3 a tildar de &#8220;perverso&#8221;<\/strong><\/em><\/p>\n<p>&nbsp;<\/p>\n<p>&nbsp;<\/p>\n<p>&nbsp;<\/p>\n<p>&nbsp;<\/p>\n<p>&nbsp;<\/p>\n<p>&nbsp;<\/p>\n<p>&nbsp;<\/p>\n<p>El camionero critic\u00f3 la dilaci\u00f3n a la hora de tomar medidas que den soluci\u00f3n al reclamo de Ganancias y afirm\u00f3 que &#8220;eso acarrea algunas broncas en la gente&#8221;. Por \u00faltimo, se mostr\u00f3 optimista y dijo esperar que haya anuncios &#8220;antes de fin de a\u00f1o&#8221; en materia impositiva.<\/p>\n<p>&nbsp;<\/p>\n<p>Tambi\u00e9n defendi\u00f3 la posici\u00f3n del triunvirato que conduce la CGT ante el gobierno nacional: &#8220;Si toma una medida, nos dicen que somos antidemocr\u00e1ticos, que no damos tiempo, si la toma todos lo critican&#8221;.<\/p>\n<p>&nbsp;<\/p>\n<p>Moyano afirm\u00f3 que la Central Obrera &#8220;est\u00e1 actuando con responsabilidad&#8221; porque &#8220;se ha elegido un gobierno y hay que respetar a la mayor\u00eda&#8221;. Sin embargo, hizo se\u00f1alamientos a la pol\u00edtica econ\u00f3mica y sostuvo que, a su entender, &#8220;no encuentra la soluci\u00f3n adecuada&#8221; a diversas cuestiones.<\/p>\n<p>&nbsp;<\/p>\n<p>Por \u00faltimo, critic\u00f3 que en la conducci\u00f3n del Partido Justicialista &#8220;est\u00e9n los que estuvieron en el gobierno anterior, que no tienen que mucho que ver con el peronismo&#8221;.<\/p>\n<p>&nbsp;<\/p>\n<p>&#8220;El peronismo no se encuentra la conducci\u00f3n que pueda ordenar un poco. Est\u00e1n los que estuvieron con el gobierno anterior, que para m\u00ed no tienen mucho que ver con el peronismo. Son los que nos llevaron a perder la conducci\u00f3n del pa\u00eds, no pueden aparecer como los salvadores de las patria&#8221;, se\u00f1al\u00f3 Moyano en di\u00e1logo con Radio Mitre.<\/p>\n","protected":false},"excerpt":{"rendered":"<p>El dirigente sindical camionero y ex secretario general de la CGT, Hugo Moyano, dijo que conf\u00eda que &#8220;antes de fin de a\u00f1o&#8221; el gobierno de Mauricio Macri de &#8220;alguna se\u00f1al&#8221; para morigerar el impacto que tiene el Impuesto a las Ganancias al que volvi\u00f3 a tildar de &#8220;perverso&#8221; &nbsp; &nbsp; &nbsp; &nbsp; &nbsp; &nbsp; &nbsp; El camionero critic\u00f3 la dilaci\u00f3n a la hora de tomar medidas que den soluci\u00f3n al reclamo de Ganancias y afirm\u00f3 que &#8220;eso acarrea algunas broncas en la gente&#8221;. Por \u00faltimo, se mostr\u00f3 optimista y dijo&#8230;<\/p>\n","protected":false},"author":3,"featured_media":4448,"comment_status":"closed","ping_status":"closed","sticky":false,"template":"","format":"standard","meta":[],"categories":[18],"tags":[],"_links":{"self":[{"href":"https:\/\/www.actualidadadiario.com\/index.php\/wp-json\/wp\/v2\/posts\/4447"}],"collection":[{"href":"https:\/\/www.actualidadadiario.com\/index.php\/wp-json\/wp\/v2\/posts"}],"about":[{"href":"https:\/\/www.actualidadadiario.com\/index.php\/wp-json\/wp\/v2\/types\/post"}],"author":[{"embeddable":true,"href":"https:\/\/www.actualidadadiario.com\/index.php\/wp-json\/wp\/v2\/users\/3"}],"replies":[{"embeddable":true,"href":"https:\/\/www.actualidadadiario.com\/index.php\/wp-json\/wp\/v2\/comments?post=4447"}],"version-history":[{"count":1,"href":"https:\/\/www.actualidadadiario.com\/index.php\/wp-json\/wp\/v2\/posts\/4447\/revisions"}],"predecessor-version":[{"id":4449,"href":"https:\/\/www.actualidadadiario.com\/index.php\/wp-json\/wp\/v2\/posts\/4447\/revisions\/4449"}],"wp:featuredmedia":[{"embeddable":true,"href":"https:\/\/www.actualidadadiario.com\/index.php\/wp-json\/wp\/v2\/media\/4448"}],"wp:attachment":[{"href":"https:\/\/www.actualidadadiario.com\/index.php\/wp-json\/wp\/v2\/media?parent=4447"}],"wp:term":[{"taxonomy":"category","embeddable":true,"href":"https:\/\/www.actualidadadiario.com\/index.php\/wp-json\/wp\/v2\/categories?post=4447"},{"taxonomy":"post_tag","embeddable":true,"href":"https:\/\/www.actualidadadiario.com\/index.php\/wp-json\/wp\/v2\/tags?post=4447"}],"curies":[{"name":"wp","href":"https:\/\/api.w.org\/{rel}","templated":true}]}}