{"id":4444,"date":"2016-11-14T10:02:54","date_gmt":"2016-11-14T13:02:54","guid":{"rendered":"http:\/\/actualidadadiario.com\/site\/?p=4444"},"modified":"2016-11-14T10:02:54","modified_gmt":"2016-11-14T13:02:54","slug":"el-insolito-argumento-de-macri-para-justificar-la-fuerte-caida-del-consumo","status":"publish","type":"post","link":"https:\/\/www.actualidadadiario.com\/index.php\/2016\/11\/14\/el-insolito-argumento-de-macri-para-justificar-la-fuerte-caida-del-consumo\/","title":{"rendered":"El ins\u00f3lito argumento de Macri para justificar la fuerte ca\u00edda del consumo"},"content":{"rendered":"<p><em><strong>&#8220;Mucha gente se stocke\u00f3 a futuro por las dudas frente al cambio de Gobierno&#8221;, explica el Presidente<\/strong><\/em><\/p>\n<p>&nbsp;<\/p>\n<p>&nbsp;<\/p>\n<p>&nbsp;<\/p>\n<p>&nbsp;<\/p>\n<p>Seg\u00fan Mauricio Macri, la fuerte ca\u00edda del consumo, que en algunos rubros supera los 8 puntos, tiene una sola causa.<\/p>\n<p>&nbsp;<\/p>\n<p>&#8220;Mucha gente se stocke\u00f3 a futuro por las dudas frente al cambio de Gobierno&#8221;, explica el Presidente, con una justificaci\u00f3n ins\u00f3lita. As\u00ed lo revel\u00f3 el diario Clar\u00edn.<\/p>\n<p>&nbsp;<\/p>\n<p>El mandatario, preocupado por los n\u00fameros del consumo, &#8220;conf\u00eda en que las ventas remontar\u00e1n en las pr\u00f3ximas semanas gracias al combo de aguinaldos, bonos de fin de a\u00f1o y a la suba de planes sociales&#8221;, afirma el diario.<\/p>\n<p>&nbsp;<\/p>\n<p>Los n\u00fameros son preocupantes. La Confederaci\u00f3n Argentina de la Medina Empresa (CAME), que hace un seguimiento de ventas minoristas (calzados, indumentaria, bijouterie, restaurantes y relojer\u00eda, entre otros rubros) registr\u00f3 una baja en octubre del 8% con respecto al mismo mes del a\u00f1o anterior. Y la consultora Scentia estableci\u00f3 en septiembre una merma del 7,3% con relaci\u00f3n al mismo mes de 2015 en consumos masivos, como productos de limpieza, alimentos e higiene.<\/p>\n","protected":false},"excerpt":{"rendered":"<p>&#8220;Mucha gente se stocke\u00f3 a futuro por las dudas frente al cambio de Gobierno&#8221;, explica el Presidente &nbsp; &nbsp; &nbsp; &nbsp; Seg\u00fan Mauricio Macri, la fuerte ca\u00edda del consumo, que en algunos rubros supera los 8 puntos, tiene una sola causa. &nbsp; &#8220;Mucha gente se stocke\u00f3 a futuro por las dudas frente al cambio de Gobierno&#8221;, explica el Presidente, con una justificaci\u00f3n ins\u00f3lita. As\u00ed lo revel\u00f3 el diario Clar\u00edn. &nbsp; El mandatario, preocupado por los n\u00fameros del consumo, &#8220;conf\u00eda en que las ventas remontar\u00e1n en las pr\u00f3ximas semanas gracias al&#8230;<\/p>\n","protected":false},"author":3,"featured_media":4445,"comment_status":"closed","ping_status":"closed","sticky":false,"template":"","format":"standard","meta":[],"categories":[18],"tags":[],"_links":{"self":[{"href":"https:\/\/www.actualidadadiario.com\/index.php\/wp-json\/wp\/v2\/posts\/4444"}],"collection":[{"href":"https:\/\/www.actualidadadiario.com\/index.php\/wp-json\/wp\/v2\/posts"}],"about":[{"href":"https:\/\/www.actualidadadiario.com\/index.php\/wp-json\/wp\/v2\/types\/post"}],"author":[{"embeddable":true,"href":"https:\/\/www.actualidadadiario.com\/index.php\/wp-json\/wp\/v2\/users\/3"}],"replies":[{"embeddable":true,"href":"https:\/\/www.actualidadadiario.com\/index.php\/wp-json\/wp\/v2\/comments?post=4444"}],"version-history":[{"count":1,"href":"https:\/\/www.actualidadadiario.com\/index.php\/wp-json\/wp\/v2\/posts\/4444\/revisions"}],"predecessor-version":[{"id":4446,"href":"https:\/\/www.actualidadadiario.com\/index.php\/wp-json\/wp\/v2\/posts\/4444\/revisions\/4446"}],"wp:featuredmedia":[{"embeddable":true,"href":"https:\/\/www.actualidadadiario.com\/index.php\/wp-json\/wp\/v2\/media\/4445"}],"wp:attachment":[{"href":"https:\/\/www.actualidadadiario.com\/index.php\/wp-json\/wp\/v2\/media?parent=4444"}],"wp:term":[{"taxonomy":"category","embeddable":true,"href":"https:\/\/www.actualidadadiario.com\/index.php\/wp-json\/wp\/v2\/categories?post=4444"},{"taxonomy":"post_tag","embeddable":true,"href":"https:\/\/www.actualidadadiario.com\/index.php\/wp-json\/wp\/v2\/tags?post=4444"}],"curies":[{"name":"wp","href":"https:\/\/api.w.org\/{rel}","templated":true}]}}