{"id":4441,"date":"2016-11-14T10:01:55","date_gmt":"2016-11-14T13:01:55","guid":{"rendered":"http:\/\/actualidadadiario.com\/site\/?p=4441"},"modified":"2016-11-14T10:01:55","modified_gmt":"2016-11-14T13:01:55","slug":"carrio-defendio-el-aumento-a-diputados-le-tengo-que-dar-de-comer-a-mis-custodios","status":"publish","type":"post","link":"https:\/\/www.actualidadadiario.com\/index.php\/2016\/11\/14\/carrio-defendio-el-aumento-a-diputados-le-tengo-que-dar-de-comer-a-mis-custodios\/","title":{"rendered":"Carri\u00f3 defendi\u00f3 el aumento a Diputados: &#8220;Le tengo que dar de comer a mis custodios&#8221;"},"content":{"rendered":"<p><em><strong>La legisladora nacional defendi\u00f3 de manera ins\u00f3lita el &#8220;dietazo&#8221; que finalmente dio marcha atr\u00e1s por el rechazo social<\/strong><\/em><\/p>\n<p>&nbsp;<\/p>\n<p>&nbsp;<\/p>\n<p>&nbsp;<\/p>\n<p>&nbsp;<\/p>\n<p>&nbsp;<\/p>\n<p>&nbsp;<\/p>\n<p>En medio del debate por el fuerte y rechazado aumento de sueldo que se hicieron los diputados nacionales, Elisa Carri\u00f3 sali\u00f3 a defender el &#8220;dietazo&#8221; con una ins\u00f3lita argumentaci\u00f3n.<\/p>\n<p>&nbsp;<\/p>\n<p>Fue el s\u00e1bado por la noche en el programa de Mirtha Legrand. All\u00ed, la diputada de Cambiemos afirm\u00f3: &#8220;Yo tengo que ganar m\u00e1s que un maestro, le tengo que dar de comer a mis custodios&#8221;.<\/p>\n<p>&nbsp;<\/p>\n<p>Carri\u00f3 expres\u00f3: &#8220;Los diputados nacionales son los que menos ganan de todos los diputados de las provincias. Adem\u00e1s, no tienen presupuestos asignados como por ejemplo los de provincia de Buenos Aires. Yo no hubiera dado marcha atr\u00e1s (con el aumento), como hizo Emilio Monz\u00f3&#8221;.<\/p>\n<p>&nbsp;<\/p>\n<p>En ese sentido, la fundadora de Cambiemos explic\u00f3: &#8220;Los maestros deber\u00edan ganar m\u00e1s. Pero yo tengo que ganar m\u00e1s que un maestro, porque adem\u00e1s de ser maestra estudi\u00e9 Derecho, hice un posgrado y escrib\u00ed 15 libros. Si no, lo que se hace es demagogia&#8221;.<\/p>\n","protected":false},"excerpt":{"rendered":"<p>La legisladora nacional defendi\u00f3 de manera ins\u00f3lita el &#8220;dietazo&#8221; que finalmente dio marcha atr\u00e1s por el rechazo social &nbsp; &nbsp; &nbsp; &nbsp; &nbsp; &nbsp; En medio del debate por el fuerte y rechazado aumento de sueldo que se hicieron los diputados nacionales, Elisa Carri\u00f3 sali\u00f3 a defender el &#8220;dietazo&#8221; con una ins\u00f3lita argumentaci\u00f3n. &nbsp; Fue el s\u00e1bado por la noche en el programa de Mirtha Legrand. All\u00ed, la diputada de Cambiemos afirm\u00f3: &#8220;Yo tengo que ganar m\u00e1s que un maestro, le tengo que dar de comer a mis custodios&#8221;. &nbsp;&#8230;<\/p>\n","protected":false},"author":3,"featured_media":4442,"comment_status":"closed","ping_status":"closed","sticky":false,"template":"","format":"standard","meta":[],"categories":[18],"tags":[],"_links":{"self":[{"href":"https:\/\/www.actualidadadiario.com\/index.php\/wp-json\/wp\/v2\/posts\/4441"}],"collection":[{"href":"https:\/\/www.actualidadadiario.com\/index.php\/wp-json\/wp\/v2\/posts"}],"about":[{"href":"https:\/\/www.actualidadadiario.com\/index.php\/wp-json\/wp\/v2\/types\/post"}],"author":[{"embeddable":true,"href":"https:\/\/www.actualidadadiario.com\/index.php\/wp-json\/wp\/v2\/users\/3"}],"replies":[{"embeddable":true,"href":"https:\/\/www.actualidadadiario.com\/index.php\/wp-json\/wp\/v2\/comments?post=4441"}],"version-history":[{"count":1,"href":"https:\/\/www.actualidadadiario.com\/index.php\/wp-json\/wp\/v2\/posts\/4441\/revisions"}],"predecessor-version":[{"id":4443,"href":"https:\/\/www.actualidadadiario.com\/index.php\/wp-json\/wp\/v2\/posts\/4441\/revisions\/4443"}],"wp:featuredmedia":[{"embeddable":true,"href":"https:\/\/www.actualidadadiario.com\/index.php\/wp-json\/wp\/v2\/media\/4442"}],"wp:attachment":[{"href":"https:\/\/www.actualidadadiario.com\/index.php\/wp-json\/wp\/v2\/media?parent=4441"}],"wp:term":[{"taxonomy":"category","embeddable":true,"href":"https:\/\/www.actualidadadiario.com\/index.php\/wp-json\/wp\/v2\/categories?post=4441"},{"taxonomy":"post_tag","embeddable":true,"href":"https:\/\/www.actualidadadiario.com\/index.php\/wp-json\/wp\/v2\/tags?post=4441"}],"curies":[{"name":"wp","href":"https:\/\/api.w.org\/{rel}","templated":true}]}}