{"id":4438,"date":"2016-11-14T10:01:09","date_gmt":"2016-11-14T13:01:09","guid":{"rendered":"http:\/\/actualidadadiario.com\/site\/?p=4438"},"modified":"2016-11-14T10:01:09","modified_gmt":"2016-11-14T13:01:09","slug":"bauza-reconoce-que-argentina-esta-en-una-situacion-dificil","status":"publish","type":"post","link":"https:\/\/www.actualidadadiario.com\/index.php\/2016\/11\/14\/bauza-reconoce-que-argentina-esta-en-una-situacion-dificil\/","title":{"rendered":"Bauza reconoce que Argentina est\u00e1 en &#8220;una situaci\u00f3n dif\u00edcil&#8221;"},"content":{"rendered":"<p><em><strong>Tras el entrenamiento del seleccionado argentino de f\u00fatbol en el predio de Ezeiza, y de cara al encuentro del pr\u00f3ximo martes ante Colombia por la duod\u00e9cima fecha de la Eliminatoria Sudamericana para clasificar al Mundial de Rusia 2018, el entrenador Edgardo Bauza dio una conferencia de prensa en la que reconoci\u00f3 que el equipo est\u00e1 &#8220;en una situaci\u00f3n dif\u00edcil&#8221;<\/strong><\/em><\/p>\n<p>&nbsp;<\/p>\n<p>&nbsp;<\/p>\n<p>&nbsp;<\/p>\n<p>&nbsp;<\/p>\n<p>&nbsp;<\/p>\n<p>&nbsp;<\/p>\n<p>&nbsp;<\/p>\n<p>&nbsp;<\/p>\n<p>El t\u00e9cnico del equipo argentino habl\u00f3 con los periodistas de medios locales e internacionales y afirm\u00f3 que &#8220;no hay ninguna discusi\u00f3n sobre el plan de juego&#8221;. Sin embargo, sostuvo que le parece correcto que &#8220;los jugadores se expresen&#8221; ante una posible diferencia en el planteo de los partidos por parte del plantel.<\/p>\n<p>&nbsp;<\/p>\n<p>Asimismo, consider\u00f3 que es importante ganar el encuentro de local ante Colombia y advirti\u00f3 que para eso, necesitan &#8220;el apoyo de la gente&#8221;.<\/p>\n<p>&nbsp;<\/p>\n<p>&#8220;Veo al grupo con mucha fuerza, en la Liga de Quito me quisieron sacar con un patrullero, a los cinco meses me sacaron en andas y me hicieron una estatua&#8221;, asegur\u00f3 el DT.<\/p>\n<p>&nbsp;<\/p>\n<p>&#8220;Este partido tiene la misma presi\u00f3n de siempre. Con Brasil (por el encuentro que perdi\u00f3 Argentina el jueves 3-0 en Belo Horizonte) hasta el primer gol de ellos empezamos muy bien y luego cambi\u00f3 todo&#8221;, a\u00f1adi\u00f3 Bauza.<\/p>\n<p>&nbsp;<\/p>\n<p>El &#8216;Pat\u00f3n&#8217; coment\u00f3 que siempre tuvo apoyo de las actuales autoridades de la AFA, e indic\u00f3 que &#8220;el respaldo de Armando P\u00e9rez (titular del Comit\u00e9 de Regularizaci\u00f3n de la m\u00e1xima entidad del f\u00fatbol argentino) lo tuve siempre, la charla de ayer solamente fue un gesto m\u00e1s. Estuvimos hablando bastante, estoy bien y con ganas de que hagamos un buen partido el martes y ganarlo&#8221;.<\/p>\n<p>&nbsp;<\/p>\n<p>&#8220;He estado en situaciones peores a \u00e9sta, soy optimista siempre y trabajo pensando en que vamos a ganar. Ma\u00f1ana vamos a definir el equipo y a todas las versiones que den no puedo darle lugar&#8221;, prosigui\u00f3 el DT.<\/p>\n<p>&nbsp;<\/p>\n<p>En tanto, el director t\u00e9cnico, que busca la fisonom\u00eda de un equipo sumamente afectado desde lo an\u00edmico y con bajo nivel futbol\u00edstico, puso en el entrenamiento de este domingo frente al Sub-20 a Gabriel Mercado por Pablo Zabaleta en la defensa, a Ever Banega por Enzo P\u00e9rez en el medio y a Lucas Pratto como referente de \u00e1rea en lugar de Gonzalo Higua\u00edn.<\/p>\n<p>&nbsp;<\/p>\n<p>La idea pasar\u00e1 por rodear mejor al capit\u00e1n, Lionel Messi, quien estuvo completamente aislado en la derrota ante Brasil (3-0) y, por ende, la teor\u00eda deja entrever que el ingreso de un faro ofensivo como el punta de Atl\u00e9tico Mineiro puede darle otra fluidez y un mayor volumen al juego del astro.<\/p>\n<p>&nbsp;<\/p>\n<p>Adem\u00e1s, la aparici\u00f3n de Pratto puede brindarle opciones de descarga en el ataque y crearle otro espacio al tridente compuesto por \u00c1ngel Di Mar\u00eda, Messi y \u00c9ver Banega.<\/p>\n<p>&nbsp;<\/p>\n<p>En consecuencia, el &#8216;Pat\u00f3n&#8217; volver\u00e1 a las fuentes del famoso 4-2-3-1, que supieron mostrar la mejor versi\u00f3n del equipo en las \u00faltimas competencias oficiales, m\u00e1s all\u00e1 de no ser el sistema preferido por \u00e9l.<\/p>\n<p>&nbsp;<\/p>\n<p>En consecuencia, Argentina formar\u00e1 con Sergio Romero; Gabriel Mercado, Nicol\u00e1s Otamendi, Ramiro Funes Mori y Emmanuel Mas; Javier Mascherano y Lucas Biglia; \u00e9ver Banega, Lionel Messi y \u00c1ngel Di Mar\u00eda; y Lucas Pratto.<\/p>\n<p>&nbsp;<\/p>\n<p>Argentina suma actualmente 16 puntos, un menos que Chile (repechaje) y Ecuador (cuarto), y est\u00e1 con la obligaci\u00f3n de conseguir un \u00e9xito el pr\u00f3ximo martes, a las 20.30, contra Colombia (18) para meterse en la zona mundialista y para que su entrenador deje los cuestionamientos de lado, al menos hasta marzo.<\/p>\n<p>&nbsp;<\/p>\n<p>El plantel tendr\u00e1 la tarde libre hasta la cena y partir\u00e1 ma\u00f1ana a las 10 a San Juan para entrenarse nuevamente a puertas cerradas, a partir de las 18.<\/p>\n","protected":false},"excerpt":{"rendered":"<p>Tras el entrenamiento del seleccionado argentino de f\u00fatbol en el predio de Ezeiza, y de cara al encuentro del pr\u00f3ximo martes ante Colombia por la duod\u00e9cima fecha de la Eliminatoria Sudamericana para clasificar al Mundial de Rusia 2018, el entrenador Edgardo Bauza dio una conferencia de prensa en la que reconoci\u00f3 que el equipo est\u00e1 &#8220;en una situaci\u00f3n dif\u00edcil&#8221; &nbsp; &nbsp; &nbsp; &nbsp; &nbsp; &nbsp; &nbsp; &nbsp; El t\u00e9cnico del equipo argentino habl\u00f3 con los periodistas de medios locales e internacionales y afirm\u00f3 que &#8220;no hay ninguna discusi\u00f3n sobre el&#8230;<\/p>\n","protected":false},"author":3,"featured_media":4439,"comment_status":"closed","ping_status":"closed","sticky":false,"template":"","format":"standard","meta":[],"categories":[4],"tags":[],"_links":{"self":[{"href":"https:\/\/www.actualidadadiario.com\/index.php\/wp-json\/wp\/v2\/posts\/4438"}],"collection":[{"href":"https:\/\/www.actualidadadiario.com\/index.php\/wp-json\/wp\/v2\/posts"}],"about":[{"href":"https:\/\/www.actualidadadiario.com\/index.php\/wp-json\/wp\/v2\/types\/post"}],"author":[{"embeddable":true,"href":"https:\/\/www.actualidadadiario.com\/index.php\/wp-json\/wp\/v2\/users\/3"}],"replies":[{"embeddable":true,"href":"https:\/\/www.actualidadadiario.com\/index.php\/wp-json\/wp\/v2\/comments?post=4438"}],"version-history":[{"count":1,"href":"https:\/\/www.actualidadadiario.com\/index.php\/wp-json\/wp\/v2\/posts\/4438\/revisions"}],"predecessor-version":[{"id":4440,"href":"https:\/\/www.actualidadadiario.com\/index.php\/wp-json\/wp\/v2\/posts\/4438\/revisions\/4440"}],"wp:featuredmedia":[{"embeddable":true,"href":"https:\/\/www.actualidadadiario.com\/index.php\/wp-json\/wp\/v2\/media\/4439"}],"wp:attachment":[{"href":"https:\/\/www.actualidadadiario.com\/index.php\/wp-json\/wp\/v2\/media?parent=4438"}],"wp:term":[{"taxonomy":"category","embeddable":true,"href":"https:\/\/www.actualidadadiario.com\/index.php\/wp-json\/wp\/v2\/categories?post=4438"},{"taxonomy":"post_tag","embeddable":true,"href":"https:\/\/www.actualidadadiario.com\/index.php\/wp-json\/wp\/v2\/tags?post=4438"}],"curies":[{"name":"wp","href":"https:\/\/api.w.org\/{rel}","templated":true}]}}