{"id":4427,"date":"2016-11-14T09:57:01","date_gmt":"2016-11-14T12:57:01","guid":{"rendered":"http:\/\/actualidadadiario.com\/site\/?p=4427"},"modified":"2016-11-14T10:04:34","modified_gmt":"2016-11-14T13:04:34","slug":"ultimo-recreo-en-congreso-y-arranca-frenesi-navideno","status":"publish","type":"post","link":"https:\/\/www.actualidadadiario.com\/index.php\/2016\/11\/14\/ultimo-recreo-en-congreso-y-arranca-frenesi-navideno\/","title":{"rendered":"\u00daltimo recreo en Congreso y arranca frenes\u00ed navide\u00f1o"},"content":{"rendered":"<p><em><strong>Despu\u00e9s del viaje de diputados y senadores para &#8220;supervisar&#8221; el proceso de las elecciones presidenciales de los Estados Unidos, el Congreso seguir\u00e1 de vacaciones una jornada m\u00e1s. Es que hoy es el d\u00eda del empleado legislativo y habr\u00e1 asueto en las C\u00e1maras. Luego, los legisladores ingresar\u00e1n en fren\u00e9ticas reuniones de comisiones y sesiones extenuantes para completar el per\u00edodo<\/strong><\/em><\/p>\n<p>&nbsp;<\/p>\n<p>&nbsp;<\/p>\n<p>&nbsp;<\/p>\n<p>&nbsp;<\/p>\n<p>&nbsp;<\/p>\n<p>&nbsp;<\/p>\n<p>&nbsp;<\/p>\n<p>El Gobierno traz\u00f3 una hoja de ruta que marca, como prioridad, la sanci\u00f3n del Presupuesto 2017 en el Senado. Para ello ya hay acuerdo entre oficialismo y oposici\u00f3n, en una sesi\u00f3n que est\u00e1 agendada para el 30 de noviembre.<\/p>\n<p>&nbsp;<\/p>\n<p>&#8220;\u00bfQu\u00e9 van a hacer los legisladores ultra K del bloque del Frente para la Victoria ese d\u00eda? \u00bfVan a extender el debate hasta la medianoche del 1-12? Eso voltear\u00eda la iniciativa&#8221;, se preguntan por estos d\u00edas algunos asesores parlamentarios de Cambiemos.<\/p>\n<p>&nbsp;<\/p>\n<p>El segundo tema sobre el que Mauricio Macri quiere una definici\u00f3n &#8220;urgente&#8221; es sobre la baqueteada reforma pol\u00edtica, es decir, el adi\u00f3s a gran parte del aparato pol\u00edtico que manej\u00f3 durante d\u00e9cadas el peronismo (en los \u00faltimos a\u00f1os, el camporismo).<\/p>\n<p>&nbsp;<\/p>\n<p>Desde el oficialismo sue\u00f1an con acelerar el debate ma\u00f1ana -que se pospuso la semana pasada por las ausencias legislativas con las que argument\u00f3 el senador kirchnerista Marcelo Fuentes la suspensi\u00f3n del plenario de comisiones- para tratar el proyecto sobre tablas en el recinto el mi\u00e9rcoles. &#8220;Es un delirio e imposible ya que no le vamos a dar los votos para eso. No se va a tratar&#8221;, se\u00f1alaron a este diario desde el Frente para la Victoria.<\/p>\n<p>&nbsp;<\/p>\n<p>Entonces, el texto volver\u00e1 a Diputados casi sobre el final del per\u00edodo de sesiones ordinarias. En esa c\u00e1mara, el reglamento deja en claro que se puede dictaminar una iniciativa hasta el 20 de noviembre. Si no, hay que prorrogar sesiones o convocar a extraordinarias. Ese sendero deber\u00e1 adoptar el Gobierno si realmente quiere la reforma pol\u00edtica.<\/p>\n<p>&nbsp;<\/p>\n<p>Una vez en Diputados -llegar\u00eda con boleta electr\u00f3nica sin chip y de aplicaci\u00f3n gradual en provincias el a\u00f1o pr\u00f3ximo-, volver\u00e1 a tomar protagonismo el Frente Renovador, siempre y cuando el Senado no logre dos tercios. En caso de ser as\u00ed, el massismo podr\u00e1 insistir junto a Cambiemos y parte del PJ con el texto aprobado en esa c\u00e1mara, que incluye la boleta \u00fanica electr\u00f3nica con chip y aplicaci\u00f3n efectiva en todo el pa\u00eds desde el a\u00f1o pr\u00f3ximo.<\/p>\n<p>&nbsp;<\/p>\n<p>En tanto, Macri festejar\u00e1 este mi\u00e9rcoles la creaci\u00f3n del r\u00e9gimen p\u00fablico-privado, que promete la activaci\u00f3n de un fest\u00edn de obras en 2017, un a\u00f1o electoral.<\/p>\n","protected":false},"excerpt":{"rendered":"<p>Despu\u00e9s del viaje de diputados y senadores para &#8220;supervisar&#8221; el proceso de las elecciones presidenciales de los Estados Unidos, el Congreso seguir\u00e1 de vacaciones una jornada m\u00e1s. Es que hoy es el d\u00eda del empleado legislativo y habr\u00e1 asueto en las C\u00e1maras. Luego, los legisladores ingresar\u00e1n en fren\u00e9ticas reuniones de comisiones y sesiones extenuantes para completar el per\u00edodo &nbsp; &nbsp; &nbsp; &nbsp; &nbsp; &nbsp; &nbsp; El Gobierno traz\u00f3 una hoja de ruta que marca, como prioridad, la sanci\u00f3n del Presupuesto 2017 en el Senado. Para ello ya hay acuerdo entre&#8230;<\/p>\n","protected":false},"author":3,"featured_media":3808,"comment_status":"closed","ping_status":"closed","sticky":false,"template":"","format":"standard","meta":[],"categories":[2],"tags":[],"_links":{"self":[{"href":"https:\/\/www.actualidadadiario.com\/index.php\/wp-json\/wp\/v2\/posts\/4427"}],"collection":[{"href":"https:\/\/www.actualidadadiario.com\/index.php\/wp-json\/wp\/v2\/posts"}],"about":[{"href":"https:\/\/www.actualidadadiario.com\/index.php\/wp-json\/wp\/v2\/types\/post"}],"author":[{"embeddable":true,"href":"https:\/\/www.actualidadadiario.com\/index.php\/wp-json\/wp\/v2\/users\/3"}],"replies":[{"embeddable":true,"href":"https:\/\/www.actualidadadiario.com\/index.php\/wp-json\/wp\/v2\/comments?post=4427"}],"version-history":[{"count":1,"href":"https:\/\/www.actualidadadiario.com\/index.php\/wp-json\/wp\/v2\/posts\/4427\/revisions"}],"predecessor-version":[{"id":4428,"href":"https:\/\/www.actualidadadiario.com\/index.php\/wp-json\/wp\/v2\/posts\/4427\/revisions\/4428"}],"wp:featuredmedia":[{"embeddable":true,"href":"https:\/\/www.actualidadadiario.com\/index.php\/wp-json\/wp\/v2\/media\/3808"}],"wp:attachment":[{"href":"https:\/\/www.actualidadadiario.com\/index.php\/wp-json\/wp\/v2\/media?parent=4427"}],"wp:term":[{"taxonomy":"category","embeddable":true,"href":"https:\/\/www.actualidadadiario.com\/index.php\/wp-json\/wp\/v2\/categories?post=4427"},{"taxonomy":"post_tag","embeddable":true,"href":"https:\/\/www.actualidadadiario.com\/index.php\/wp-json\/wp\/v2\/tags?post=4427"}],"curies":[{"name":"wp","href":"https:\/\/api.w.org\/{rel}","templated":true}]}}