{"id":44256,"date":"2019-05-06T10:29:00","date_gmt":"2019-05-06T13:29:00","guid":{"rendered":"https:\/\/www.actualidadadiario.com\/?p=44256"},"modified":"2019-05-06T20:55:00","modified_gmt":"2019-05-06T23:55:00","slug":"el-gobierno-relanza-precios-cuidados-desde-el-martes","status":"publish","type":"post","link":"https:\/\/www.actualidadadiario.com\/index.php\/2019\/05\/06\/el-gobierno-relanza-precios-cuidados-desde-el-martes\/","title":{"rendered":"El gobierno relanza &#8220;Precios Cuidados&#8221; desde el martes"},"content":{"rendered":"\n<p><strong><em>Con algunos cambios y una actualizaci\u00f3n de valores que rondar\u00e1 el 5%, ser\u00e1 presentada una nueva canasta de 500 productos<\/em><\/strong><\/p>\n\n\n\n<p><\/p>\n\n\n\n<p><\/p>\n\n\n\n<p>El Gobierno nacional relanzar\u00e1 el martes el plan Precios\nCuidados con una canasta de 500 productos, con el objetivo de ayudar a contener\nla inflaci\u00f3n e incentivar el consumo, que sigue en ca\u00edda libre.<\/p>\n\n\n\n<p>De acuerdo con fuentes de la Secretar\u00eda de Comercio citadas\npor la agencia T\u00e9lam, el martes se dar\u00e1 a conocer la nueva lista en la cual,\nalgunos productos dejar\u00e1n de estar y ser\u00e1n reemplazados por otros.<\/p>\n\n\n\n<p>A diferencia de los \u201cPrecios Esenciales\u201d que implican una\ncanasta de 64 productos con precios congelados hasta octubre pr\u00f3ximo, \u201cPrecios\nCuidados\u201d tiene una mayor variedad de oferta y sus valores se ajustan\nperi\u00f3dicamente.<\/p>\n\n\n\n<p>Fuentes empresarias estimaron que habr\u00e1 subas de entre el 4\ny 5% respecto de diciembre, cuando se produjo el \u00faltimo reajuste.<\/p>\n\n\n\n<p>Adem\u00e1s, hay inter\u00e9s de las empresas por participar del\nprograma de Precios Cuidados, porque &#8220;siete de cada diez familias\nargentinas compraron alguna vez, uno de estos productos, que se han\ntransformado en una marca en s\u00ed misma&#8221;, dijo el consultor en consumo Damian\ndi Piace, de la consultora Focus Market.<\/p>\n\n\n\n<p>El delicado momento que viven la econom\u00eda argentina se\nrefleja en un informe elaborado por la Confederaci\u00f3n Argentina de la Mediana\nEmpresa (CAME), que muestra que las ventas minoristas cayeron 13,4% en abril\nfrente a igual per\u00edodo del a\u00f1o pasado.<\/p>\n\n\n\n<p>&#8220;Los ajustes desmedidos en los alquileres y los costos\nfinancieros fueron dos factores de preocupaci\u00f3n del comercio, adem\u00e1s de las\nbajas ventas. Hay buenas expectativas por c\u00f3mo impacten las recientes medidas\necon\u00f3micas en el consumo&#8221;, indic\u00f3 CAME.<\/p>\n\n\n\n<p>En este marco, el Gobierno nacional viene impulsando en las\n\u00faltimas semanas una serie de medidas tendientes a fomentar el consumo, como\ncr\u00e9ditos para jubilados y tenedores de planes sociales, y la canasta de Precios\nEsenciales. Asimismo se renovaron la semana pasada los programas de cr\u00e9dito en\ncuotas fijas Ahora 3, Ahora 6, Ahora 12 y Ahora 18, hasta el pr\u00f3ximo 31 de\nagosto.<\/p>\n\n\n\n<p>En abril la inflaci\u00f3n habr\u00eda alcanzado el 4%, seg\u00fan el\nRelevamiento de Expectativas del Mercado del Banco Central.<\/p>\n","protected":false},"excerpt":{"rendered":"<p>Con algunos cambios y una actualizaci\u00f3n de valores que rondar\u00e1 el 5%, ser\u00e1 presentada una nueva canasta de 500 productos El Gobierno nacional relanzar\u00e1 el martes el plan Precios Cuidados con una canasta de 500 productos, con el objetivo de ayudar a contener la inflaci\u00f3n e incentivar el consumo, que sigue en ca\u00edda libre. De acuerdo con fuentes de la Secretar\u00eda de Comercio citadas por la agencia T\u00e9lam, el martes se dar\u00e1 a conocer la nueva lista en la cual, algunos productos dejar\u00e1n de estar y ser\u00e1n reemplazados por otros&#8230;.<\/p>\n","protected":false},"author":3,"featured_media":44257,"comment_status":"closed","ping_status":"closed","sticky":false,"template":"","format":"standard","meta":[],"categories":[2],"tags":[],"_links":{"self":[{"href":"https:\/\/www.actualidadadiario.com\/index.php\/wp-json\/wp\/v2\/posts\/44256"}],"collection":[{"href":"https:\/\/www.actualidadadiario.com\/index.php\/wp-json\/wp\/v2\/posts"}],"about":[{"href":"https:\/\/www.actualidadadiario.com\/index.php\/wp-json\/wp\/v2\/types\/post"}],"author":[{"embeddable":true,"href":"https:\/\/www.actualidadadiario.com\/index.php\/wp-json\/wp\/v2\/users\/3"}],"replies":[{"embeddable":true,"href":"https:\/\/www.actualidadadiario.com\/index.php\/wp-json\/wp\/v2\/comments?post=44256"}],"version-history":[{"count":1,"href":"https:\/\/www.actualidadadiario.com\/index.php\/wp-json\/wp\/v2\/posts\/44256\/revisions"}],"predecessor-version":[{"id":44258,"href":"https:\/\/www.actualidadadiario.com\/index.php\/wp-json\/wp\/v2\/posts\/44256\/revisions\/44258"}],"wp:featuredmedia":[{"embeddable":true,"href":"https:\/\/www.actualidadadiario.com\/index.php\/wp-json\/wp\/v2\/media\/44257"}],"wp:attachment":[{"href":"https:\/\/www.actualidadadiario.com\/index.php\/wp-json\/wp\/v2\/media?parent=44256"}],"wp:term":[{"taxonomy":"category","embeddable":true,"href":"https:\/\/www.actualidadadiario.com\/index.php\/wp-json\/wp\/v2\/categories?post=44256"},{"taxonomy":"post_tag","embeddable":true,"href":"https:\/\/www.actualidadadiario.com\/index.php\/wp-json\/wp\/v2\/tags?post=44256"}],"curies":[{"name":"wp","href":"https:\/\/api.w.org\/{rel}","templated":true}]}}