{"id":44253,"date":"2019-05-06T10:28:24","date_gmt":"2019-05-06T13:28:24","guid":{"rendered":"https:\/\/www.actualidadadiario.com\/?p=44253"},"modified":"2019-05-06T20:50:28","modified_gmt":"2019-05-06T23:50:28","slug":"segun-came-las-ventas-de-las-pymes-minoristas-cayeron-un-134-en-abril","status":"publish","type":"post","link":"https:\/\/www.actualidadadiario.com\/index.php\/2019\/05\/06\/segun-came-las-ventas-de-las-pymes-minoristas-cayeron-un-134-en-abril\/","title":{"rendered":"Seg\u00fan CAME, las ventas de las pymes minoristas cayeron un 13,4% en abril"},"content":{"rendered":"\n<p><strong><em>Adem\u00e1s, desde la Confederaci\u00f3n agregaron: &#8220;Los ajustes desmedidos en los alquileres y los costos financieros fueron dos factores de preocupaci\u00f3n del comercio&#8221;<\/em><\/strong><\/p>\n\n\n\n<p><\/p>\n\n\n\n<p><\/p>\n\n\n\n<p>Las ventas en comercios minoristas Pymes suman 16 meses\nconsecutivos de ca\u00edda interanual, seg\u00fan inform\u00f3 la Confederaci\u00f3n Argentina de\nla Mediana Empresa (CAME). En abril, el derrumbe fue del 13,4%, en relaci\u00f3n al\nmismo mes en 2018. En lo que va de 2019, se acumula un descenso del 12,1%. <\/p>\n\n\n\n<p>El documento elaborado por CAME asegura que hay comercios\nliquidando mercader\u00eda al costo. No obstante, reconocen, no logran incentivar el\nconsumo. <\/p>\n\n\n\n<p>Por otra parte, se inform\u00f3 que en los locales f\u00edsicos la\nca\u00edda fue del 15%, mientras que en los canales virtuales las ventas crecieron\nun 0,3%.<\/p>\n\n\n\n<p>M\u00e1s all\u00e1 del derrumbe en las ventas, que se viene sintiendo\ndesde que comenz\u00f3 la recesi\u00f3n, la Confederaci\u00f3n resalt\u00f3 como dos factores de\npreocupaci\u00f3n para el comercio &#8220;los ajustes desmedidos en los alquileres y\nlos costos financieros&#8221;.<\/p>\n\n\n\n<p>&#8220;Las tarjetas recargadas y la necesidad de bajar los\nniveles de endeudamiento de las familias repercutieron en la venta online\nparticularmente, que es muy dependiente de ese medio de pago&#8221;, a\u00f1adieron\ndesde CAME.<\/p>\n\n\n\n<p>De los comercios consultados, el 76,3% reconoci\u00f3 haber\ntenido bajas anuales en sus ventas, y s\u00f3lo el 14,2% se mantuvo en alza durante\nese periodo. Los rubros m\u00e1s lastimados por la crisis fueron &#8220;Calzado y\nmarroquiner\u00eda&#8221;, &#8220;Joyer\u00edas, relojer\u00edas y bijouterie&#8221;,\n&#8220;Bazares y regalos&#8221; y &#8220;Electrodom\u00e9sticos, Electr\u00f3nicos,\nComputaci\u00f3n, y Celulares&#8221;. <\/p>\n\n\n\n<p>La ca\u00edda en abril fue del 3,1 por ciento si se lo compara\ncon el mes anterior y la mayor\u00eda de las PyMEs no se mostr\u00f3 optimista de que la\nsituaci\u00f3n vaya a mejorar en el corto plazo.<\/p>\n\n\n\n<p>&#8220;Las perspectivas para el resto del a\u00f1o son inestables,\nhay mucha incertidumbre en los consumidores. Hacen falta medidas directas como\nacceso al cr\u00e9dito accesible para los consumidores, beneficios fiscales a las\npymes, y baja en los aportes patronales&#8221;, reconoci\u00f3 V\u00edctor Palpacelli,\npresidente de la Federaci\u00f3n Argentina de Supermercados y Autoservicios (FASA).<\/p>\n\n\n\n<p>El relevamiento se efectu\u00f3 en los negocios chicos y medianos\nlocalizados en calles y avenidas comerciales de la Capital Federal y de las\nprincipales ciudades del interior de la Argentina.<\/p>\n","protected":false},"excerpt":{"rendered":"<p>Adem\u00e1s, desde la Confederaci\u00f3n agregaron: &#8220;Los ajustes desmedidos en los alquileres y los costos financieros fueron dos factores de preocupaci\u00f3n del comercio&#8221; Las ventas en comercios minoristas Pymes suman 16 meses consecutivos de ca\u00edda interanual, seg\u00fan inform\u00f3 la Confederaci\u00f3n Argentina de la Mediana Empresa (CAME). En abril, el derrumbe fue del 13,4%, en relaci\u00f3n al mismo mes en 2018. En lo que va de 2019, se acumula un descenso del 12,1%. El documento elaborado por CAME asegura que hay comercios liquidando mercader\u00eda al costo. No obstante, reconocen, no logran incentivar&#8230;<\/p>\n","protected":false},"author":3,"featured_media":44254,"comment_status":"closed","ping_status":"closed","sticky":false,"template":"","format":"standard","meta":[],"categories":[2],"tags":[],"_links":{"self":[{"href":"https:\/\/www.actualidadadiario.com\/index.php\/wp-json\/wp\/v2\/posts\/44253"}],"collection":[{"href":"https:\/\/www.actualidadadiario.com\/index.php\/wp-json\/wp\/v2\/posts"}],"about":[{"href":"https:\/\/www.actualidadadiario.com\/index.php\/wp-json\/wp\/v2\/types\/post"}],"author":[{"embeddable":true,"href":"https:\/\/www.actualidadadiario.com\/index.php\/wp-json\/wp\/v2\/users\/3"}],"replies":[{"embeddable":true,"href":"https:\/\/www.actualidadadiario.com\/index.php\/wp-json\/wp\/v2\/comments?post=44253"}],"version-history":[{"count":1,"href":"https:\/\/www.actualidadadiario.com\/index.php\/wp-json\/wp\/v2\/posts\/44253\/revisions"}],"predecessor-version":[{"id":44255,"href":"https:\/\/www.actualidadadiario.com\/index.php\/wp-json\/wp\/v2\/posts\/44253\/revisions\/44255"}],"wp:featuredmedia":[{"embeddable":true,"href":"https:\/\/www.actualidadadiario.com\/index.php\/wp-json\/wp\/v2\/media\/44254"}],"wp:attachment":[{"href":"https:\/\/www.actualidadadiario.com\/index.php\/wp-json\/wp\/v2\/media?parent=44253"}],"wp:term":[{"taxonomy":"category","embeddable":true,"href":"https:\/\/www.actualidadadiario.com\/index.php\/wp-json\/wp\/v2\/categories?post=44253"},{"taxonomy":"post_tag","embeddable":true,"href":"https:\/\/www.actualidadadiario.com\/index.php\/wp-json\/wp\/v2\/tags?post=44253"}],"curies":[{"name":"wp","href":"https:\/\/api.w.org\/{rel}","templated":true}]}}