{"id":44250,"date":"2019-05-06T10:27:42","date_gmt":"2019-05-06T13:27:42","guid":{"rendered":"https:\/\/www.actualidadadiario.com\/?p=44250"},"modified":"2019-05-06T20:50:37","modified_gmt":"2019-05-06T23:50:37","slug":"se-agrava-la-crisis-industrial-arcor-cerro-dos-plantas","status":"publish","type":"post","link":"https:\/\/www.actualidadadiario.com\/index.php\/2019\/05\/06\/se-agrava-la-crisis-industrial-arcor-cerro-dos-plantas\/","title":{"rendered":"Se agrava la crisis industrial: Arcor cerr\u00f3 dos plantas"},"content":{"rendered":"\n<p><strong><em>Por las importaciones y la ca\u00edda del consumo, desactiv\u00f3 una f\u00e1brica de 70 a\u00f1os en Mendoza<\/em><\/strong><\/p>\n\n\n\n<p><\/p>\n\n\n\n<p><\/p>\n\n\n\n<p>La crisis industrial alcanz\u00f3 con fuerza a la multinacional\nargentina Arcor y dej\u00f3 de lado el concepto de diferenciaci\u00f3n entre grandes,\nmedianas y peque\u00f1as empresas afectadas por el impacto de las importaciones, el\naumento de los costos y la ca\u00edda del consumo. El Grupo controlado por la\nfamilia Pagani se enfrent\u00f3 a tres a\u00f1os de balances negativos y diez de ausencia\nde crecimiento, lo que provoc\u00f3 una serie de medidas que ahondaron la\ninestabilidad laboral al punto de poner en riesgo 155 puestos de trabajo por el\ncierre total de dos plantas en la localidad mendocina de San Mart\u00edn.<\/p>\n\n\n\n<p>El anuncio realizado por la empresa destac\u00f3 que &#8220;la\nindustria frutihort\u00edcola no est\u00e1 atravesando un buen momento desde hace varios\na\u00f1os, producto de los altos costos, el incremento de las importaciones y la ca\u00edda\ngeneralizada de consumo&#8221;.<\/p>\n\n\n\n<p>&#8220;En este contexto, La Campagnola ha tenido que\nredefinir las operaciones del negocio a nivel industrial, a fin de mantenerlo\noperativo. Esto ha implicado en los \u00faltimos a\u00f1os, la incorporaci\u00f3n de nuevas\nl\u00edneas en algunas de sus plantas y el traslado de equipos entre diversas\nplantas de la empresa, siempre con el objetivo de recomponer la competitividad\ny contribuir con la sustentabilidad del negocio&#8221;, sostuvo el comunicado.<\/p>\n\n\n\n<p>D\u00edas atr\u00e1s, el Grupo Arcor desactiv\u00f3 por un mes la\nproducci\u00f3n de alcohol que hac\u00eda en una de sus plantas en la ciudad bonaerense\nde San Pedro por sobre stock. All\u00ed los 26 empleados fueron reubicados en otra\nl\u00ednea de elaboraci\u00f3n. Otro caso m\u00e1s reciente fue Arroyito, cuna de la\nalimenticia, en donde 80 de los 130 trabajadores tomaron vacaciones por la\nfalta de actividad en la planta de molienda h\u00fameda.<\/p>\n\n\n\n<p>&#8220;En el caso puntual de la base productiva de San\nMart\u00edn, Provincia de Mendoza, el reordenamiento industrial mencionado implicar\u00e1\nla mudanza de su capacidad productiva con el consecuente traslado de sus\noperaciones al complejo industrial ubicado en Villa Mercedes, Provincia de San\nLuis&#8221;, destac\u00f3 el comunicado.<\/p>\n\n\n\n<p>Este movimiento signific\u00f3 un cierre definitivo de plantas.\nEn hechos concretos, en San Mart\u00edn no volver\u00e1n a abrirse los portones de esa\nf\u00e1brica de 70 a\u00f1os de antig\u00fcedad. As\u00ed, la crisis dej\u00f3 su marca de manera\ninequ\u00edvoca a una de las dos multinacionales que tiene Argentina. &#8220;Frente a\neste escenario, la compa\u00f1\u00eda ha decidido ofrecer diversas alternativas a los\nactuales colaboradores de la base San Mart\u00edn, entre las que se encuentra el\ntraslado a otras plantas del grupo&#8221;, se\u00f1al\u00f3 la empresa.<\/p>\n\n\n\n<p>Fuentes gremiales destacaron que existe una negociaci\u00f3n en\nmarcha aunque admitieron que apenas el 15% del personal estar\u00eda en condiciones\nde reubicarse para mantener el puesto laboral. En tanto que la empresa sostuvo\nque buscan ofrecer &#8220;opciones de continuidad a los productores locales\nproveedores de materia prima&#8221;.<\/p>\n\n\n\n<p>La Campagnola elabora anualmente 185 mil toneladas de\nproducto, emplea en per\u00edodo de plena actividad a m\u00e1s de 1300 personas y\nparticipa en m\u00e1s de 12 categor\u00edas, entre las que se encuentran mermeladas,\ndulces s\u00f3lidos, salsas, tomates, conservas vegetales, frutas y pescados.<\/p>\n","protected":false},"excerpt":{"rendered":"<p>Por las importaciones y la ca\u00edda del consumo, desactiv\u00f3 una f\u00e1brica de 70 a\u00f1os en Mendoza La crisis industrial alcanz\u00f3 con fuerza a la multinacional argentina Arcor y dej\u00f3 de lado el concepto de diferenciaci\u00f3n entre grandes, medianas y peque\u00f1as empresas afectadas por el impacto de las importaciones, el aumento de los costos y la ca\u00edda del consumo. El Grupo controlado por la familia Pagani se enfrent\u00f3 a tres a\u00f1os de balances negativos y diez de ausencia de crecimiento, lo que provoc\u00f3 una serie de medidas que ahondaron la inestabilidad&#8230;<\/p>\n","protected":false},"author":3,"featured_media":44251,"comment_status":"closed","ping_status":"closed","sticky":false,"template":"","format":"standard","meta":[],"categories":[2],"tags":[],"_links":{"self":[{"href":"https:\/\/www.actualidadadiario.com\/index.php\/wp-json\/wp\/v2\/posts\/44250"}],"collection":[{"href":"https:\/\/www.actualidadadiario.com\/index.php\/wp-json\/wp\/v2\/posts"}],"about":[{"href":"https:\/\/www.actualidadadiario.com\/index.php\/wp-json\/wp\/v2\/types\/post"}],"author":[{"embeddable":true,"href":"https:\/\/www.actualidadadiario.com\/index.php\/wp-json\/wp\/v2\/users\/3"}],"replies":[{"embeddable":true,"href":"https:\/\/www.actualidadadiario.com\/index.php\/wp-json\/wp\/v2\/comments?post=44250"}],"version-history":[{"count":1,"href":"https:\/\/www.actualidadadiario.com\/index.php\/wp-json\/wp\/v2\/posts\/44250\/revisions"}],"predecessor-version":[{"id":44252,"href":"https:\/\/www.actualidadadiario.com\/index.php\/wp-json\/wp\/v2\/posts\/44250\/revisions\/44252"}],"wp:featuredmedia":[{"embeddable":true,"href":"https:\/\/www.actualidadadiario.com\/index.php\/wp-json\/wp\/v2\/media\/44251"}],"wp:attachment":[{"href":"https:\/\/www.actualidadadiario.com\/index.php\/wp-json\/wp\/v2\/media?parent=44250"}],"wp:term":[{"taxonomy":"category","embeddable":true,"href":"https:\/\/www.actualidadadiario.com\/index.php\/wp-json\/wp\/v2\/categories?post=44250"},{"taxonomy":"post_tag","embeddable":true,"href":"https:\/\/www.actualidadadiario.com\/index.php\/wp-json\/wp\/v2\/tags?post=44250"}],"curies":[{"name":"wp","href":"https:\/\/api.w.org\/{rel}","templated":true}]}}