{"id":4418,"date":"2016-11-14T09:53:45","date_gmt":"2016-11-14T12:53:45","guid":{"rendered":"http:\/\/actualidadadiario.com\/site\/?p=4418"},"modified":"2016-11-14T09:53:45","modified_gmt":"2016-11-14T12:53:45","slug":"el-gobierno-dio-de-baja-la-tarjeta-argenta-que-el-estado-le-daba-a-los-jubilados","status":"publish","type":"post","link":"https:\/\/www.actualidadadiario.com\/index.php\/2016\/11\/14\/el-gobierno-dio-de-baja-la-tarjeta-argenta-que-el-estado-le-daba-a-los-jubilados\/","title":{"rendered":"El Gobierno dio de baja la tarjeta &#8220;Argenta&#8221;, que el Estado le daba a los jubilados"},"content":{"rendered":"<p><em><strong>Se utilizaba para ofrecer pr\u00e9stamos a tasas bajas y descuentos de hasta el 40% en comercios de todo el pa\u00eds<\/strong><\/em><\/p>\n<p>&nbsp;<\/p>\n<p>&nbsp;<\/p>\n<p>&nbsp;<\/p>\n<p>&nbsp;<\/p>\n<p>&nbsp;<\/p>\n<p>Es otro programa que el presidente Mauricio Macri cercena de los que ven\u00edan del gobierno anterior. El plan Argenta, destinada a los jubilados, fue dada de baja por el Director Ejecutivo de Anses, Emilio Basavilbaso.<\/p>\n<p>&nbsp;<\/p>\n<p>El Programa fue creado en 2012 y estaba destinado a las personas de la tercera edad, para poder acceder a pr\u00e9stamos a tasas bajas y descuentos de hasta el 40 por ciento en comercios de todo el pa\u00eds. El hecho fue dado a conocer en el Bolet\u00edn Oficial el 7 de noviembre pasado, con la resoluci\u00f3n 361\/2016, inform\u00f3 el portal Nuestras Voces.<\/p>\n<p>&nbsp;<\/p>\n<p>&#8220;Desde ahora el programa s\u00f3lo ofrecer\u00e1 pr\u00e9stamos \u2013aunque a\u00fan no se conocen las tasas ni la modalidad de ejecuci\u00f3n\u2013 y el monto total ser\u00e1 depositado en una cuenta bancaria del jubilado. De esta forma, el negocio pasar\u00e1 a favorecer a los bancos comerciales y se abre la puerta para que, en caso de necesitar cuotas o descuentos, el jubilado deba recurrir a una tarjeta de cr\u00e9dito del banco, ya que no contar\u00e1 con los beneficios de Argenta&#8221;, afirma el sitio que dio la noticia.<\/p>\n<p>&nbsp;<\/p>\n<p>En un p\u00e1rrafo incre\u00edble, la resoluci\u00f3n reconoce que la mayor\u00eda de los jubilados y pensionados han podido acceder a la tarjeta Argenta, y esto resulta un motivo para &#8220;bancarizarlos sin inconvenientes&#8221;.<\/p>\n","protected":false},"excerpt":{"rendered":"<p>Se utilizaba para ofrecer pr\u00e9stamos a tasas bajas y descuentos de hasta el 40% en comercios de todo el pa\u00eds &nbsp; &nbsp; &nbsp; &nbsp; &nbsp; Es otro programa que el presidente Mauricio Macri cercena de los que ven\u00edan del gobierno anterior. El plan Argenta, destinada a los jubilados, fue dada de baja por el Director Ejecutivo de Anses, Emilio Basavilbaso. &nbsp; El Programa fue creado en 2012 y estaba destinado a las personas de la tercera edad, para poder acceder a pr\u00e9stamos a tasas bajas y descuentos de hasta el&#8230;<\/p>\n","protected":false},"author":3,"featured_media":4419,"comment_status":"closed","ping_status":"closed","sticky":false,"template":"","format":"standard","meta":[],"categories":[9],"tags":[],"_links":{"self":[{"href":"https:\/\/www.actualidadadiario.com\/index.php\/wp-json\/wp\/v2\/posts\/4418"}],"collection":[{"href":"https:\/\/www.actualidadadiario.com\/index.php\/wp-json\/wp\/v2\/posts"}],"about":[{"href":"https:\/\/www.actualidadadiario.com\/index.php\/wp-json\/wp\/v2\/types\/post"}],"author":[{"embeddable":true,"href":"https:\/\/www.actualidadadiario.com\/index.php\/wp-json\/wp\/v2\/users\/3"}],"replies":[{"embeddable":true,"href":"https:\/\/www.actualidadadiario.com\/index.php\/wp-json\/wp\/v2\/comments?post=4418"}],"version-history":[{"count":1,"href":"https:\/\/www.actualidadadiario.com\/index.php\/wp-json\/wp\/v2\/posts\/4418\/revisions"}],"predecessor-version":[{"id":4420,"href":"https:\/\/www.actualidadadiario.com\/index.php\/wp-json\/wp\/v2\/posts\/4418\/revisions\/4420"}],"wp:featuredmedia":[{"embeddable":true,"href":"https:\/\/www.actualidadadiario.com\/index.php\/wp-json\/wp\/v2\/media\/4419"}],"wp:attachment":[{"href":"https:\/\/www.actualidadadiario.com\/index.php\/wp-json\/wp\/v2\/media?parent=4418"}],"wp:term":[{"taxonomy":"category","embeddable":true,"href":"https:\/\/www.actualidadadiario.com\/index.php\/wp-json\/wp\/v2\/categories?post=4418"},{"taxonomy":"post_tag","embeddable":true,"href":"https:\/\/www.actualidadadiario.com\/index.php\/wp-json\/wp\/v2\/tags?post=4418"}],"curies":[{"name":"wp","href":"https:\/\/api.w.org\/{rel}","templated":true}]}}