{"id":4407,"date":"2016-11-14T09:47:47","date_gmt":"2016-11-14T12:47:47","guid":{"rendered":"http:\/\/actualidadadiario.com\/site\/?p=4407"},"modified":"2016-11-14T09:47:47","modified_gmt":"2016-11-14T12:47:47","slug":"ahora-la-cgt-dice-que-puede-haber-un-paro-general-en-2017","status":"publish","type":"post","link":"https:\/\/www.actualidadadiario.com\/index.php\/2016\/11\/14\/ahora-la-cgt-dice-que-puede-haber-un-paro-general-en-2017\/","title":{"rendered":"Ahora, la CGT dice que puede haber un paro general en 2017"},"content":{"rendered":"<p><em><strong>Juan Carlos Schmid sostuvo que la situaci\u00f3n social se complicar\u00e1 &#8220;si no hay reactivaci\u00f3n&#8221;. Se refiri\u00f3 a posibles conflictos en diciembre<\/strong><\/em><\/p>\n<p>&nbsp;<\/p>\n<p>&nbsp;<\/p>\n<p>&nbsp;<\/p>\n<p>&nbsp;<\/p>\n<p>&nbsp;<\/p>\n<p>&nbsp;<\/p>\n<p>El secretario general de la CGT unificada Juan Carlos Schmid acus\u00f3 hoy a &#8220;los empresarios&#8221; de ser &#8220;ciegos, sordos y mudos&#8221; ante los &#8220;conflictos&#8221; de los trabajadores, y advirti\u00f3 que &#8220;si el a\u00f1o que viene no hay reactivaci\u00f3n va a haber medidas de fuerza&#8221;.<\/p>\n<p>&nbsp;<\/p>\n<p>&#8220;Tanto el gobierno como la CGT estamos contribuyendo para que no haya situaciones inmanejables en diciembre. El empresariado no est\u00e1 a la altura de los acontecimientos. Es un empresariado ciego, sordo y mudo&#8221;, apunt\u00f3 Schmid. Adem\u00e1s, advirti\u00f3 que &#8220;el balance del a\u00f1o no es bueno. La gente vot\u00f3 un cambio y est\u00e1 empezando a vislumbrar que el cambio no es bueno. El cambio ha tenido deterioro en los ingresos, ca\u00edda del consumo, desempleo. El cr\u00e9dito que se vot\u00f3 se est\u00e1 agotando&#8221;, sentenci\u00f3.<\/p>\n<p>&nbsp;<\/p>\n<p>En tanto, indic\u00f3 que &#8220;los funcionarios del gobierno est\u00e1n esperando la reactivaci\u00f3n&#8221; de la econom\u00eda, y manifest\u00f3: &#8220;Espero que esto sea as\u00ed porque si no la cosa va a estar muy dif\u00edcil. Si el a\u00f1o que viene no hay reactivaci\u00f3n va a haber medidas de fuerza&#8221;.<\/p>\n<p>&nbsp;<\/p>\n<p>Respecto a la movilizaci\u00f3n que la CGT y movimientos sociales realizar\u00e1n el pr\u00f3ximo 18 de noviembre al Congreso de la Naci\u00f3n, afirm\u00f3: &#8220;Si esto no es escuchado, nos estamos trasladando al a\u00f1o que viene, donde todo el mundo del sector de los funcionarios del gobierno est\u00e1n esperando la reactivaci\u00f3n&#8221;. &#8220;La CGT no tiene ninguna complicidad con el Ejecutivo&#8221;, enfatiz\u00f3 Schmid en alusi\u00f3n a las cr\u00edticas recibidas, y agreg\u00f3: &#8220;La reacci\u00f3n que vamos a tener este viernes deja muy claro que ac\u00e1 no hay ninguna complicidad, porque si hubiera alguna complicidad no estar\u00edamos haciendo absolutamente nada&#8221;.<\/p>\n<p>&nbsp;<\/p>\n<p>Al ser consultado sobre la &#8220;interna&#8221; con otras centrales sindicales y el pedido de una posici\u00f3n m\u00e1s fuerte respecto al Gobierno, respondi\u00f3: &#8220;Los que no son mayor\u00eda tiene que aprender a respetar lo que decide la mayor\u00eda&#8221;.<\/p>\n<p>&nbsp;<\/p>\n<p>&#8220;La mayor\u00eda ha resuelto llevar adelante esta negociaci\u00f3n con el gobierno, pero en ning\u00fan momento se ha descartado llevar adelante medidas de fuerza. Esto ha sido muy claro en la negociaci\u00f3n que hemos llevado adelante con el gobierno y los empresarios&#8221;, enfatiz\u00f3 en declaraciones a radio Milenium.<\/p>\n<p>&nbsp;<\/p>\n<p>Por \u00faltimo, destac\u00f3 que &#8220;los grupos de empresarios han firmado en nombre de su c\u00e1mara representativa&#8221; el pago de un fondo de fin de a\u00f1o, por lo que, &#8220;si no lo cumplen&#8221;, tendr\u00e1n &#8220;los conflictos que tengan que tener en sus sectores econ\u00f3micos&#8221;, advirti\u00f3.<\/p>\n","protected":false},"excerpt":{"rendered":"<p>Juan Carlos Schmid sostuvo que la situaci\u00f3n social se complicar\u00e1 &#8220;si no hay reactivaci\u00f3n&#8221;. Se refiri\u00f3 a posibles conflictos en diciembre &nbsp; &nbsp; &nbsp; &nbsp; &nbsp; &nbsp; El secretario general de la CGT unificada Juan Carlos Schmid acus\u00f3 hoy a &#8220;los empresarios&#8221; de ser &#8220;ciegos, sordos y mudos&#8221; ante los &#8220;conflictos&#8221; de los trabajadores, y advirti\u00f3 que &#8220;si el a\u00f1o que viene no hay reactivaci\u00f3n va a haber medidas de fuerza&#8221;. &nbsp; &#8220;Tanto el gobierno como la CGT estamos contribuyendo para que no haya situaciones inmanejables en diciembre. El empresariado&#8230;<\/p>\n","protected":false},"author":3,"featured_media":4408,"comment_status":"closed","ping_status":"closed","sticky":false,"template":"","format":"standard","meta":[],"categories":[18],"tags":[],"_links":{"self":[{"href":"https:\/\/www.actualidadadiario.com\/index.php\/wp-json\/wp\/v2\/posts\/4407"}],"collection":[{"href":"https:\/\/www.actualidadadiario.com\/index.php\/wp-json\/wp\/v2\/posts"}],"about":[{"href":"https:\/\/www.actualidadadiario.com\/index.php\/wp-json\/wp\/v2\/types\/post"}],"author":[{"embeddable":true,"href":"https:\/\/www.actualidadadiario.com\/index.php\/wp-json\/wp\/v2\/users\/3"}],"replies":[{"embeddable":true,"href":"https:\/\/www.actualidadadiario.com\/index.php\/wp-json\/wp\/v2\/comments?post=4407"}],"version-history":[{"count":1,"href":"https:\/\/www.actualidadadiario.com\/index.php\/wp-json\/wp\/v2\/posts\/4407\/revisions"}],"predecessor-version":[{"id":4409,"href":"https:\/\/www.actualidadadiario.com\/index.php\/wp-json\/wp\/v2\/posts\/4407\/revisions\/4409"}],"wp:featuredmedia":[{"embeddable":true,"href":"https:\/\/www.actualidadadiario.com\/index.php\/wp-json\/wp\/v2\/media\/4408"}],"wp:attachment":[{"href":"https:\/\/www.actualidadadiario.com\/index.php\/wp-json\/wp\/v2\/media?parent=4407"}],"wp:term":[{"taxonomy":"category","embeddable":true,"href":"https:\/\/www.actualidadadiario.com\/index.php\/wp-json\/wp\/v2\/categories?post=4407"},{"taxonomy":"post_tag","embeddable":true,"href":"https:\/\/www.actualidadadiario.com\/index.php\/wp-json\/wp\/v2\/tags?post=4407"}],"curies":[{"name":"wp","href":"https:\/\/api.w.org\/{rel}","templated":true}]}}