{"id":4404,"date":"2016-11-14T09:46:58","date_gmt":"2016-11-14T12:46:58","guid":{"rendered":"http:\/\/actualidadadiario.com\/site\/?p=4404"},"modified":"2016-11-14T09:46:58","modified_gmt":"2016-11-14T12:46:58","slug":"uia-afirmo-que-el-2016-fue-un-ano-muy-duro-para-el-sector-fabril","status":"publish","type":"post","link":"https:\/\/www.actualidadadiario.com\/index.php\/2016\/11\/14\/uia-afirmo-que-el-2016-fue-un-ano-muy-duro-para-el-sector-fabril\/","title":{"rendered":"UIA afirm\u00f3 que el 2016 fue un a\u00f1o &#8220;muy duro&#8221; para el sector fabril"},"content":{"rendered":"<p><em><strong>El vocal de la Uni\u00f3n Industrial Argentina (UIA) Jos\u00e9 Urtubey consider\u00f3 este domingo, que este a\u00f1o fue &#8220;muy duro&#8221; para el sector fabril y advirti\u00f3 que &#8220;no hay soluciones m\u00e1gicas para el 2017&#8221;<\/strong><\/em><\/p>\n<p>&nbsp;<\/p>\n<p>&nbsp;<\/p>\n<p>&nbsp;<\/p>\n<p>&nbsp;<\/p>\n<p>&nbsp;<\/p>\n<p>&nbsp;<\/p>\n<p>&nbsp;<\/p>\n<p>Urtubey evalu\u00f3, de ese modo: &#8220;Por c\u00f3mo se estaban tomando las medidas, \u00edbamos en contra del crecimiento industrial&#8221;, mientras apunt\u00f3 que &#8220;el rumbo elegido fue complejo, hay que potenciar la oferta productiva&#8221;.<\/p>\n<p>&nbsp;<\/p>\n<p>&#8220;Fue un a\u00f1o muy duro para la industria, no hay soluciones m\u00e1gicas para el 2017&#8221;, subray\u00f3 el dirigente de la UIA.<\/p>\n<p>&nbsp;<\/p>\n<p>As\u00ed, alert\u00f3: &#8220;Venimos cayendo&#8221;, al tiempo que insisti\u00f3: &#8220;No fue bueno para nosotros&#8221;.<\/p>\n<p>&nbsp;<\/p>\n<p>&#8220;Estoy expectante para el 2017 pero va a depender mucho de las pol\u00edticas p\u00fablicas que se implementen&#8221;, analiz\u00f3 y enfatiz\u00f3: &#8220;Encontramos un mundo vendedor, no comprador&#8221;.<\/p>\n<p>&nbsp;<\/p>\n<p>Seg\u00fan el \u00faltimo informe de la UIA, la producci\u00f3n del segmento cay\u00f3 6,6% en agosto en la medici\u00f3n interanual y en los primeros ocho meses del a\u00f1o retrocedi\u00f3 4,7%.<\/p>\n","protected":false},"excerpt":{"rendered":"<p>El vocal de la Uni\u00f3n Industrial Argentina (UIA) Jos\u00e9 Urtubey consider\u00f3 este domingo, que este a\u00f1o fue &#8220;muy duro&#8221; para el sector fabril y advirti\u00f3 que &#8220;no hay soluciones m\u00e1gicas para el 2017&#8221; &nbsp; &nbsp; &nbsp; &nbsp; &nbsp; &nbsp; &nbsp; Urtubey evalu\u00f3, de ese modo: &#8220;Por c\u00f3mo se estaban tomando las medidas, \u00edbamos en contra del crecimiento industrial&#8221;, mientras apunt\u00f3 que &#8220;el rumbo elegido fue complejo, hay que potenciar la oferta productiva&#8221;. &nbsp; &#8220;Fue un a\u00f1o muy duro para la industria, no hay soluciones m\u00e1gicas para el 2017&#8221;, subray\u00f3 el&#8230;<\/p>\n","protected":false},"author":3,"featured_media":4405,"comment_status":"closed","ping_status":"closed","sticky":false,"template":"","format":"standard","meta":[],"categories":[9],"tags":[],"_links":{"self":[{"href":"https:\/\/www.actualidadadiario.com\/index.php\/wp-json\/wp\/v2\/posts\/4404"}],"collection":[{"href":"https:\/\/www.actualidadadiario.com\/index.php\/wp-json\/wp\/v2\/posts"}],"about":[{"href":"https:\/\/www.actualidadadiario.com\/index.php\/wp-json\/wp\/v2\/types\/post"}],"author":[{"embeddable":true,"href":"https:\/\/www.actualidadadiario.com\/index.php\/wp-json\/wp\/v2\/users\/3"}],"replies":[{"embeddable":true,"href":"https:\/\/www.actualidadadiario.com\/index.php\/wp-json\/wp\/v2\/comments?post=4404"}],"version-history":[{"count":1,"href":"https:\/\/www.actualidadadiario.com\/index.php\/wp-json\/wp\/v2\/posts\/4404\/revisions"}],"predecessor-version":[{"id":4406,"href":"https:\/\/www.actualidadadiario.com\/index.php\/wp-json\/wp\/v2\/posts\/4404\/revisions\/4406"}],"wp:featuredmedia":[{"embeddable":true,"href":"https:\/\/www.actualidadadiario.com\/index.php\/wp-json\/wp\/v2\/media\/4405"}],"wp:attachment":[{"href":"https:\/\/www.actualidadadiario.com\/index.php\/wp-json\/wp\/v2\/media?parent=4404"}],"wp:term":[{"taxonomy":"category","embeddable":true,"href":"https:\/\/www.actualidadadiario.com\/index.php\/wp-json\/wp\/v2\/categories?post=4404"},{"taxonomy":"post_tag","embeddable":true,"href":"https:\/\/www.actualidadadiario.com\/index.php\/wp-json\/wp\/v2\/tags?post=4404"}],"curies":[{"name":"wp","href":"https:\/\/api.w.org\/{rel}","templated":true}]}}