{"id":43989,"date":"2019-04-25T10:05:12","date_gmt":"2019-04-25T13:05:12","guid":{"rendered":"https:\/\/www.actualidadadiario.com\/?p=43989"},"modified":"2019-05-06T20:54:20","modified_gmt":"2019-05-06T23:54:20","slug":"en-diputados-hubo-criticas-a-carrio-y-se-volvieron-a-cruzar-urribarri-y-viola","status":"publish","type":"post","link":"https:\/\/www.actualidadadiario.com\/index.php\/2019\/04\/25\/en-diputados-hubo-criticas-a-carrio-y-se-volvieron-a-cruzar-urribarri-y-viola\/","title":{"rendered":"En Diputados hubo cr\u00edticas a Carri\u00f3 y se volvieron a cruzar Urribarri y Viola"},"content":{"rendered":"\n<p><strong><em>En la sesi\u00f3n de este mi\u00e9rcoles varios diputados repudiaron los dichos de Elisa Carri\u00f3 sobre De la Sota. La acusaron de \u201cdesequilibrada mental\u201d y de \u201cfabuladora serial\u201d. Adem\u00e1s, Urribarri y Viola volvieron a cruzarse: \u00e9l tild\u00f3 de \u201cin\u00fatil\u201d a Macri, ella le reproch\u00f3 la demora con la que se env\u00eda informaci\u00f3n a la Fiscal\u00eda Anticorrupci\u00f3n que investiga la causa de los contratos en la Legislatura<\/em><\/strong><\/p>\n\n\n\n<p><\/p>\n\n\n\n<p><\/p>\n\n\n\n<p>La \u00faltima sesi\u00f3n hab\u00eda sido el 12 de marzo y luego lleg\u00f3 la\nhabitual par\u00e1lisis de la actividad legislativa, como cada vez que hay elecciones.<\/p>\n\n\n\n<p>Este mi\u00e9rcoles tuvo lugar la segunda sesi\u00f3n del a\u00f1o y, al\nigual que en la anterior, el debate pol\u00edtico y partidario fue m\u00e1s fuerte que el\nlegislativo.<\/p>\n\n\n\n<p>En el turno de los homenajes, el diputado peronista Pedro\nB\u00e1ez record\u00f3 que el 27 de abril se cumplen 16 a\u00f1os de la elecci\u00f3n que deposit\u00f3\na N\u00e9stor Kirchner en la presidencia del pa\u00eds.<\/p>\n\n\n\n<p>Traz\u00f3 un paralelismo entre el contexto de crisis social,\npol\u00edtica e institucional en la que asumi\u00f3 N\u00e9stor Kirchner y \u201cel pa\u00eds desendeudado\u201d\ncon el que asumi\u00f3 Macri.<\/p>\n\n\n\n<p>Habl\u00f3 de \u201cDur\u00e1n Barba y de los trolls de Pe\u00f1a contaminando\nla cabeza de la gente\u201d y sostuvo que \u201clos inversores para tomar las decisiones\nde irse del pa\u00eds no miraron TN\u201d.<\/p>\n\n\n\n<p>Luego B\u00e1ez sostuvo que \u201cel salario m\u00ednimo, vital y m\u00f3vil\ncay\u00f3 un 50%\u201d, cuestion\u00f3 el ajuste y advirti\u00f3: \u201cLa corrida est\u00e1 a la vuelta de\nla esquina\u201d. Tambi\u00e9n critic\u00f3 \u201cel desfinanciamiento del Estado\u201d y \u201cla\ndolarizaci\u00f3n de la comida de los argentinos\u201d.<\/p>\n\n\n\n<p>En otro tramo de la sesi\u00f3n, Diego Lara apunt\u00f3 contra \u201clas\ndesafortunadas declaraciones\u201d de la diputada Elisa Carri\u00f3 sobre el fallecido\ndirigente Jos\u00e9 Manuel De la Sota: \u201cGracias a dios muri\u00f3 De la Sota\u201d, hab\u00eda afirmado\nla dirigente en C\u00f3rdoba.<\/p>\n\n\n\n<p>Lara se refiri\u00f3 a ella como una \u201cdirigente multipartidaria\nque rompe todo lo que toca\u201d y asever\u00f3 que cay\u00f3 \u201cen una inmoralidad que revela\nel divague de buena parte de la dirigencia de Cambiemos\u201d.<\/p>\n\n\n\n<p>Con este tipo de \u201canimaladas\u201d, Carri\u00f3 \u201cdenigra a la\ndemocracia\u201d, asever\u00f3. Luego pidi\u00f3 a los legisladores de Cambiemos que la\ninviten a Paran\u00e1 para que \u201cse ponga al tanto del procesamiento de Varisco\u201d y\nfinalmente la calific\u00f3 como \u201cdenunciadora, mentirosa y fabuladora serial\u201d.<\/p>\n\n\n\n<p>M\u00e1s tarde la diputada Mar\u00eda Alejandra Viola (Cambiemos)\ncuestion\u00f3 que \u201cse utilice el turno de los homenajes para hablar de la coyuntura\npol\u00edtica\u201d y, si bien calific\u00f3 como \u201cdesafortunadas\u201d a las declaraciones de\nCarri\u00f3, aclar\u00f3 que la dirigente nacional luego pidi\u00f3 disculpas.<\/p>\n\n\n\n<p>Tambi\u00e9n critic\u00f3 a B\u00e1ez por medir con una vara las agresiones\nde algunos dirigentes nacionales y con otra la de los dirigentes provinciales\ny, en tal sentido, record\u00f3 que el Diputado no dijo nada cuando tuvo lugar la\npol\u00e9mica agresi\u00f3n del diputado Allende&nbsp; a\nla ministra de Salud Sonia Vel\u00e1zquez. Tambi\u00e9n critic\u00f3 el silencio de la Banca\nde la Mujer por el hecho.<\/p>\n\n\n\n<p>Luego apunt\u00f3 a la Justicia provincial, que \u201cest\u00e1 en modo\nelectoral\u201d y expres\u00f3 su preocupaci\u00f3n por \u201cla lentitud con la que la C\u00e1mara de\nDiputados le pasa la informaci\u00f3n requerida a la Fiscal\u00eda Anticorrupci\u00f3n\u201d.<\/p>\n\n\n\n<p>Tras varios repudios m\u00e1s a los dichos de Carri\u00f3, pidi\u00f3 la\npalabra el presidente de la C\u00e1mara de Diputados de la Provincia, Sergio\nUrribarri, para responder directamente a Viola: \u201cQuerid\u00edsima amiga Mar\u00eda Ale,\nenviamos la s\u00e9ptima remesa de lo solicitado a la Fiscal\u00eda Anticorrupci\u00f3n y el\nmartes enviaremos la octava\u201d.<\/p>\n\n\n\n<p>Finalmente critic\u00f3 \u201cel ajuste, el endeudamiento y la brutal\nhipocres\u00eda con la que se manejan Cambiemos\u201d y el presidente Macri, a quien\ntild\u00f3 de \u201cin\u00fatil\u201d.<\/p>\n\n\n\n<p>Enseguida, y tal como se hab\u00eda aprobado, cerr\u00f3 el turno de\nlos homenajes y Viola se qued\u00f3 grit\u00e1ndole a Urribarri, pero ya sin sonido en el\nmicr\u00f3fono.<\/p>\n\n\n\n<p><strong>Proyectos aprobados<\/strong><\/p>\n\n\n\n<p>En lo que refiere a la tarea parlamentaria, en la sesi\u00f3n, se\ndio aprobaci\u00f3n a una iniciativa que propone la creaci\u00f3n del Plan provincial de\nM\u00fasica orquestal en la provincia, por el cual se busca fomentar la difusi\u00f3n de\nesta m\u00fasica en Entre R\u00edos, promoviendo la formaci\u00f3n de profesionales en este\n\u00e1mbito.<\/p>\n\n\n\n<p>Adem\u00e1s, se aprob\u00f3 el Proyecto de Ley por el cual se crea el\nPrograma referido a Educaci\u00f3n, Derechos humanos y memoria colectiva. Leticia\nAngerosa se\u00f1al\u00f3 que &#8220;se quiere ratificar la tem\u00e1tica de derechos humanos,\npromoviendo espacios de articulaci\u00f3n con otros organismos a nivel nacional,\nprovincial y local. Como ejes fundamentales, este proyecto de ley plantea una\ntem\u00e1tica vinculada con la dictadura, movimientos sociales, soberan\u00eda,\ndemocracia. Consideramos que es necesario que las escuelas den forma a una\n&#8216;pedagog\u00eda de la memoria'&#8221;, agreg\u00f3 la legisladora en su argumentaci\u00f3n.<\/p>\n\n\n\n<p><strong>Idiomas originarios\nchan\u00e1 y charr\u00faa<\/strong><\/p>\n\n\n\n<p>En cuanto a la iniciativa que declara la emergencia cultural\ny ling\u00fc\u00edstica de los idiomas originarios chan\u00e1 y charr\u00faa, la diputada Gabriela\nLena destac\u00f3 que ya en 2016 la Asamblea de las Naciones Unidas destin\u00f3 ese a\u00f1o\na las lenguas ind\u00edgenas. Dijo Lena &#8220;el objetivo de esta Ley no es\npretender que se ense\u00f1e, sino que no se pierda, que reconozcamos nuestros\nor\u00edgenes.<\/p>\n\n\n\n<p>El diputado Pedro B\u00e1ez adhiri\u00f3 al Proyecto de Ley y rescat\u00f3\nel reconocimiento de las lenguas originarias, recordando la edici\u00f3n del\ndiccionario del idioma chan\u00e1 en la anterior gesti\u00f3n del gobierno provincial.<\/p>\n\n\n\n<p><strong>Contrataciones de\nalta significaci\u00f3n econ\u00f3mica del Estado provincial<\/strong><\/p>\n\n\n\n<p>Fue aprobado el Proyecto de Ley contenido en el Expediente\n23070 que&nbsp; propone reglamentar las\ncontrataciones de alta significaci\u00f3n econ\u00f3mica del Estado provincial. Al\nrespecto, Diego Lara se\u00f1al\u00f3 &#8220;estamos hablando de un \u00f3rgano de control\nexterno de la Administraci\u00f3n p\u00fablica provincial, que la Constituci\u00f3n lo\ninstituy\u00f3 como \u00f3rgano aut\u00f3nomo del control del Estado, asign\u00e1ndole algunas\ncompetencias&#8221;. El legislador agreg\u00f3 que la iniciativa es enviada por el\nPoder Ejecutivo, y destac\u00f3 el aporte en transparencia en la gesti\u00f3n p\u00fablica.<\/p>\n\n\n\n<p><strong>Proyectos de Ley\nsancionados<\/strong><\/p>\n\n\n\n<p>La iniciativa por la cual se incorpora el t\u00edtulo\n&#8220;Contravenciones en el \u00e1mbito escolar&#8221; a la Ley N\u00b03815 (de\nContravenciones policiales).<\/p>\n\n\n\n<p>El Proyecto de Ley por el que se modifica el art\u00edculo 1\u00b0 de\nla Ley N\u00b0 10.457 a fin de adecuar el texto normativo.<\/p>\n\n\n\n<p>La iniciativa por la que se declara de utilidad p\u00fablica y\nsujetos a expropiaci\u00f3n a inmuebles ubicados en la ciudad de Concordia, con\ndestino a calle p\u00fablica.<\/p>\n\n\n\n<p><strong>Otros proyectos\naprobados<\/strong><\/p>\n\n\n\n<p>La iniciativa bajo el Expediente 22464 por el cual se crean\n50 cargos para el Servicio Penitenciario de la provincia de Entre R\u00edos. El\nProyecto de Ley por el que se crea el &#8220;Programa provincial de\nconcientizaci\u00f3n y prevenci\u00f3n del grooming&#8221;.<\/p>\n\n\n\n<p>La iniciativa que propone la creaci\u00f3n del Programa de\nprevenci\u00f3n y protecci\u00f3n del personal docente de la provincia en situaciones de\nviolencia.<\/p>\n\n\n\n<p>La declaraci\u00f3n de patrimonio hist\u00f3rico arquitect\u00f3nico de la\nprovincia del edificio en el cual se encuentra la &#8220;Casa del Partido de la\nUni\u00f3n C\u00edvica Radical&#8221; en la ciudad de Paran\u00e1.<\/p>\n\n\n\n<p>La iniciativa por la que se instituye el d\u00eda 12 de mayo de\ncada a\u00f1o como el &#8220;D\u00eda provincial de la fibromialgia y el s\u00edndrome de\nfatiga cr\u00f3nica&#8221;.<\/p>\n\n\n\n<p>El Proyecto de Ley por el que se declara &#8220;Fiesta\nprovincial&#8221; al actual &#8220;Desfile de carrozas estudiantiles&#8221; que se\nrealiza en Gualeguaych\u00fa.<\/p>\n\n\n\n<p>La iniciativa por la cual se incorpora el inciso M al\nart\u00edculo 11\u00b0 de la Ley 10.027 (Org\u00e1nica de las corporaciones municipales). El\ndiputado Monge se\u00f1al\u00f3 que en este proyecto es &#8220;importante que los\nmunicipios puedan llevar adelante las gestiones con organismos internacionales\ny celebrar convenios no avanzando sobre cuestiones provinciales o con\nfacultades que est\u00e9n a cargo del Estado nacional&#8221;.<\/p>\n\n\n\n<p>El Proyecto de Ley por el que se crea el Programa de control\nde eventos y locales de esparcimiento, que funcionar\u00e1 bajo la \u00f3rbita del\nMinisterio de Gobierno y Justicia provincial.<\/p>\n","protected":false},"excerpt":{"rendered":"<p>En la sesi\u00f3n de este mi\u00e9rcoles varios diputados repudiaron los dichos de Elisa Carri\u00f3 sobre De la Sota. La acusaron de \u201cdesequilibrada mental\u201d y de \u201cfabuladora serial\u201d. Adem\u00e1s, Urribarri y Viola volvieron a cruzarse: \u00e9l tild\u00f3 de \u201cin\u00fatil\u201d a Macri, ella le reproch\u00f3 la demora con la que se env\u00eda informaci\u00f3n a la Fiscal\u00eda Anticorrupci\u00f3n que investiga la causa de los contratos en la Legislatura La \u00faltima sesi\u00f3n hab\u00eda sido el 12 de marzo y luego lleg\u00f3 la habitual par\u00e1lisis de la actividad legislativa, como cada vez que hay elecciones&#8230;.<\/p>\n","protected":false},"author":3,"featured_media":43990,"comment_status":"closed","ping_status":"closed","sticky":false,"template":"","format":"standard","meta":[],"categories":[15],"tags":[],"_links":{"self":[{"href":"https:\/\/www.actualidadadiario.com\/index.php\/wp-json\/wp\/v2\/posts\/43989"}],"collection":[{"href":"https:\/\/www.actualidadadiario.com\/index.php\/wp-json\/wp\/v2\/posts"}],"about":[{"href":"https:\/\/www.actualidadadiario.com\/index.php\/wp-json\/wp\/v2\/types\/post"}],"author":[{"embeddable":true,"href":"https:\/\/www.actualidadadiario.com\/index.php\/wp-json\/wp\/v2\/users\/3"}],"replies":[{"embeddable":true,"href":"https:\/\/www.actualidadadiario.com\/index.php\/wp-json\/wp\/v2\/comments?post=43989"}],"version-history":[{"count":1,"href":"https:\/\/www.actualidadadiario.com\/index.php\/wp-json\/wp\/v2\/posts\/43989\/revisions"}],"predecessor-version":[{"id":43991,"href":"https:\/\/www.actualidadadiario.com\/index.php\/wp-json\/wp\/v2\/posts\/43989\/revisions\/43991"}],"wp:featuredmedia":[{"embeddable":true,"href":"https:\/\/www.actualidadadiario.com\/index.php\/wp-json\/wp\/v2\/media\/43990"}],"wp:attachment":[{"href":"https:\/\/www.actualidadadiario.com\/index.php\/wp-json\/wp\/v2\/media?parent=43989"}],"wp:term":[{"taxonomy":"category","embeddable":true,"href":"https:\/\/www.actualidadadiario.com\/index.php\/wp-json\/wp\/v2\/categories?post=43989"},{"taxonomy":"post_tag","embeddable":true,"href":"https:\/\/www.actualidadadiario.com\/index.php\/wp-json\/wp\/v2\/tags?post=43989"}],"curies":[{"name":"wp","href":"https:\/\/api.w.org\/{rel}","templated":true}]}}