{"id":43984,"date":"2019-04-25T10:03:14","date_gmt":"2019-04-25T13:03:14","guid":{"rendered":"https:\/\/www.actualidadadiario.com\/?p=43984"},"modified":"2019-05-06T20:56:28","modified_gmt":"2019-05-06T23:56:28","slug":"bordet-celebramos-una-definicion-que-prioriza-a-los-ninos-en-las-aulas","status":"publish","type":"post","link":"https:\/\/www.actualidadadiario.com\/index.php\/2019\/04\/25\/bordet-celebramos-una-definicion-que-prioriza-a-los-ninos-en-las-aulas\/","title":{"rendered":"Bordet: \u201cCelebramos una definici\u00f3n que prioriza a los ni\u00f1os en las aulas\u201d"},"content":{"rendered":"\n<p><strong><em>El gobernador Gustavo Bordet valor\u00f3 hoy la decisi\u00f3n del gremio docente mayoritario de aceptar la propuesta salarial provincial. \u201cHemos sostenido una relaci\u00f3n de mucho respeto durante la gesti\u00f3n y celebro una definici\u00f3n que prioriza a nuestros ni\u00f1os en las aulas\u201d, expres\u00f3 el mandatario<\/em><\/strong><\/p>\n\n\n\n<p><\/p>\n\n\n\n<p><\/p>\n\n\n\n<p>\u201cRealizamos un gran esfuerzo para mejorar la propuesta\nsalarial en momentos muy cr\u00edticos de la macroeconom\u00eda que afectan en forma\ndirecta los fondos p\u00fablicos con los cuales el Estado cumple con la pol\u00edtica\nsalarial, de salud, educaci\u00f3n, desarrollo social y obras de infraestructura\u201d,\ndijo el mandatario.<\/p>\n\n\n\n<p>\u201cEntendemos y reconocemos el deterioro que tuvo el salario\ndocente, como el salario de cualquier trabajador, por efecto de la inflaci\u00f3n,\nel enorme incremento de los servicios b\u00e1sicos y la especulaci\u00f3n financiera por\nencima de cualquier pol\u00edtica de defensa al empleo y el desarrollo\u201d, manifest\u00f3.<\/p>\n\n\n\n<p>\u201cSabemos de las necesidades de cada docente y de cada\ntrabajador en la provincia, y por eso siempre priorizamos el di\u00e1logo por sobre\nla confrontaci\u00f3n inconducente\u201d, se\u00f1al\u00f3 el mandatario.<\/p>\n\n\n\n<p>\u201cCon los maestros y con las organizaciones gremiales siempre\nhemos tenido una relaci\u00f3n de mucho respeto. He sido docente 14 a\u00f1os, s\u00e9 c\u00f3mo\nsiente y c\u00f3mo piensa un docente y valoro much\u00edsimo la tarea que desarrollan en\ntoda la provincia\u201d, indic\u00f3.<\/p>\n\n\n\n<p>\u201cCelebramos haber encontrado un punto de acuerdo con una\npropuesta que recupera puntos porcentuales pendientes de 2018 e incluyen una\nactualizaci\u00f3n salarial autom\u00e1tica que lleva tranquilidad a los docentes, adem\u00e1s\nde trasladarse a nuestros maestros jubilados\u201d, resalt\u00f3 Bordet.<\/p>\n\n\n\n<p>Cabe recordar que durante la audiencia conciliatoria que se\nllev\u00f3 a cabo este lunes, la provincia propuso mantener el aumento del 22 por\nciento para el primer semestre, de los cuales un 10 por ciento ya se liquid\u00f3 en\nmarzo y el restante 12 se liquidar\u00eda con los haberes de mayo. 11 puntos de esa\npropuesta corresponden al aumento pendiente del 2018 por el desfase entre\nsalarios e inflaci\u00f3n. La diferencia restante entre salarios e inflaci\u00f3n del primer\nsemestre de 2019 se actualizar\u00e1 con la liquidaci\u00f3n de los haberes de junio.<\/p>\n\n\n\n<p>Para el segundo semestre se propuso una actualizaci\u00f3n\ntrimestral de haberes, esto es: el aumento de julio, agosto y septiembre se\nliquidar\u00eda con los haberes de octubre; y los aumentos de octubre, noviembre y\ndiciembre se liquidar\u00edan con los haberes de enero de 2020.<\/p>\n","protected":false},"excerpt":{"rendered":"<p>El gobernador Gustavo Bordet valor\u00f3 hoy la decisi\u00f3n del gremio docente mayoritario de aceptar la propuesta salarial provincial. \u201cHemos sostenido una relaci\u00f3n de mucho respeto durante la gesti\u00f3n y celebro una definici\u00f3n que prioriza a nuestros ni\u00f1os en las aulas\u201d, expres\u00f3 el mandatario \u201cRealizamos un gran esfuerzo para mejorar la propuesta salarial en momentos muy cr\u00edticos de la macroeconom\u00eda que afectan en forma directa los fondos p\u00fablicos con los cuales el Estado cumple con la pol\u00edtica salarial, de salud, educaci\u00f3n, desarrollo social y obras de infraestructura\u201d, dijo el mandatario. \u201cEntendemos&#8230;<\/p>\n","protected":false},"author":3,"featured_media":43985,"comment_status":"closed","ping_status":"closed","sticky":false,"template":"","format":"standard","meta":[],"categories":[9],"tags":[],"_links":{"self":[{"href":"https:\/\/www.actualidadadiario.com\/index.php\/wp-json\/wp\/v2\/posts\/43984"}],"collection":[{"href":"https:\/\/www.actualidadadiario.com\/index.php\/wp-json\/wp\/v2\/posts"}],"about":[{"href":"https:\/\/www.actualidadadiario.com\/index.php\/wp-json\/wp\/v2\/types\/post"}],"author":[{"embeddable":true,"href":"https:\/\/www.actualidadadiario.com\/index.php\/wp-json\/wp\/v2\/users\/3"}],"replies":[{"embeddable":true,"href":"https:\/\/www.actualidadadiario.com\/index.php\/wp-json\/wp\/v2\/comments?post=43984"}],"version-history":[{"count":1,"href":"https:\/\/www.actualidadadiario.com\/index.php\/wp-json\/wp\/v2\/posts\/43984\/revisions"}],"predecessor-version":[{"id":43986,"href":"https:\/\/www.actualidadadiario.com\/index.php\/wp-json\/wp\/v2\/posts\/43984\/revisions\/43986"}],"wp:featuredmedia":[{"embeddable":true,"href":"https:\/\/www.actualidadadiario.com\/index.php\/wp-json\/wp\/v2\/media\/43985"}],"wp:attachment":[{"href":"https:\/\/www.actualidadadiario.com\/index.php\/wp-json\/wp\/v2\/media?parent=43984"}],"wp:term":[{"taxonomy":"category","embeddable":true,"href":"https:\/\/www.actualidadadiario.com\/index.php\/wp-json\/wp\/v2\/categories?post=43984"},{"taxonomy":"post_tag","embeddable":true,"href":"https:\/\/www.actualidadadiario.com\/index.php\/wp-json\/wp\/v2\/tags?post=43984"}],"curies":[{"name":"wp","href":"https:\/\/api.w.org\/{rel}","templated":true}]}}