{"id":4397,"date":"2016-11-11T10:50:07","date_gmt":"2016-11-11T13:50:07","guid":{"rendered":"http:\/\/actualidadadiario.com\/site\/?p=4397"},"modified":"2016-11-11T10:50:07","modified_gmt":"2016-11-11T13:50:07","slug":"ecuador-ingreso-al-acuerdo-de-libre-comercio-andino-con-la-ue","status":"publish","type":"post","link":"https:\/\/www.actualidadadiario.com\/index.php\/2016\/11\/11\/ecuador-ingreso-al-acuerdo-de-libre-comercio-andino-con-la-ue\/","title":{"rendered":"Ecuador ingres\u00f3 al acuerdo de libre comercio andino con la UE"},"content":{"rendered":"<p><em><strong>El gobierno de Correa se suma a Colombia y Per\u00fa para poder tener un ingreso preferente al mercado comunitario y abrirse m\u00e1s a las inversiones europeas<\/strong><\/em><\/p>\n<p>&nbsp;<\/p>\n<p>&nbsp;<\/p>\n<p>&nbsp;<\/p>\n<p>&nbsp;<\/p>\n<p>&nbsp;<\/p>\n<p>&nbsp;<\/p>\n<p>Ecuador firm\u00f3 este viernes el protocolo de acceso al acuerdo de libre comercio multipartito que la Uni\u00f3n Europea (UE) mantiene con Colombia y Per\u00fa, que le permitir\u00e1 un ingreso preferente al mercado comunitario y abrirse m\u00e1s a las inversiones europeas.<\/p>\n<p>&nbsp;<\/p>\n<p>&#8220;Hoy Ecuador se convierte en un socio comercial de la UE, con una visi\u00f3n estrat\u00e9gica a largo plazo y buscando siempre el mutuo beneficio&#8221;, declar\u00f3 el vicepresidente ecuatoriano, Jorge Glas.<\/p>\n<p>&nbsp;<\/p>\n<p>&#8220;La UE y Ecuador mantienen unos v\u00ednculos hist\u00f3ricos. Este acuerdo nos unir\u00e1 a\u00fan m\u00e1s en el futuro, acercar\u00e1 todav\u00eda m\u00e1s nuestras econom\u00edas y tambi\u00e9n a nuestros ciudadanos&#8221;, destac\u00f3 la comisaria europea de Comercio, Cecilia Malmstr\u00f6m.<\/p>\n","protected":false},"excerpt":{"rendered":"<p>El gobierno de Correa se suma a Colombia y Per\u00fa para poder tener un ingreso preferente al mercado comunitario y abrirse m\u00e1s a las inversiones europeas &nbsp; &nbsp; &nbsp; &nbsp; &nbsp; &nbsp; Ecuador firm\u00f3 este viernes el protocolo de acceso al acuerdo de libre comercio multipartito que la Uni\u00f3n Europea (UE) mantiene con Colombia y Per\u00fa, que le permitir\u00e1 un ingreso preferente al mercado comunitario y abrirse m\u00e1s a las inversiones europeas. &nbsp; &#8220;Hoy Ecuador se convierte en un socio comercial de la UE, con una visi\u00f3n estrat\u00e9gica a largo&#8230;<\/p>\n","protected":false},"author":3,"featured_media":4398,"comment_status":"closed","ping_status":"closed","sticky":false,"template":"","format":"standard","meta":[],"categories":[4],"tags":[],"_links":{"self":[{"href":"https:\/\/www.actualidadadiario.com\/index.php\/wp-json\/wp\/v2\/posts\/4397"}],"collection":[{"href":"https:\/\/www.actualidadadiario.com\/index.php\/wp-json\/wp\/v2\/posts"}],"about":[{"href":"https:\/\/www.actualidadadiario.com\/index.php\/wp-json\/wp\/v2\/types\/post"}],"author":[{"embeddable":true,"href":"https:\/\/www.actualidadadiario.com\/index.php\/wp-json\/wp\/v2\/users\/3"}],"replies":[{"embeddable":true,"href":"https:\/\/www.actualidadadiario.com\/index.php\/wp-json\/wp\/v2\/comments?post=4397"}],"version-history":[{"count":1,"href":"https:\/\/www.actualidadadiario.com\/index.php\/wp-json\/wp\/v2\/posts\/4397\/revisions"}],"predecessor-version":[{"id":4399,"href":"https:\/\/www.actualidadadiario.com\/index.php\/wp-json\/wp\/v2\/posts\/4397\/revisions\/4399"}],"wp:featuredmedia":[{"embeddable":true,"href":"https:\/\/www.actualidadadiario.com\/index.php\/wp-json\/wp\/v2\/media\/4398"}],"wp:attachment":[{"href":"https:\/\/www.actualidadadiario.com\/index.php\/wp-json\/wp\/v2\/media?parent=4397"}],"wp:term":[{"taxonomy":"category","embeddable":true,"href":"https:\/\/www.actualidadadiario.com\/index.php\/wp-json\/wp\/v2\/categories?post=4397"},{"taxonomy":"post_tag","embeddable":true,"href":"https:\/\/www.actualidadadiario.com\/index.php\/wp-json\/wp\/v2\/tags?post=4397"}],"curies":[{"name":"wp","href":"https:\/\/api.w.org\/{rel}","templated":true}]}}