{"id":43961,"date":"2019-04-24T13:54:33","date_gmt":"2019-04-24T16:54:33","guid":{"rendered":"https:\/\/www.actualidadadiario.com\/?p=43961"},"modified":"2019-05-06T20:52:04","modified_gmt":"2019-05-06T23:52:04","slug":"macri-visita-santa-fe-para-apoyar-al-alicaido-candidato-a-gobernador-de-cambiemos","status":"publish","type":"post","link":"https:\/\/www.actualidadadiario.com\/index.php\/2019\/04\/24\/macri-visita-santa-fe-para-apoyar-al-alicaido-candidato-a-gobernador-de-cambiemos\/","title":{"rendered":"Macri visita Santa Fe para apoyar al alica\u00eddo candidato a gobernador de Cambiemos"},"content":{"rendered":"\n<p><strong><em>Tras la seguidilla de traspi\u00e9s electorales que viene sufriendo en las distintas provincias, el jefe de Estado viaja para dar su respaldo a Jos\u00e9 Corral<\/em><\/strong><\/p>\n\n\n\n<p><\/p>\n\n\n\n<p><\/p>\n\n\n\n<p>Mauricio Macri llega esta mi\u00e9rcoles a la provincia de Santa\nFe para manifestar su apoyo al candidato a gobernador de Cambiemos, el radical\nJos\u00e9 Corral, con quien realizar\u00e1 diversas actividades.<\/p>\n\n\n\n<p>De este modo, el primer mandatario se mostrar\u00e1 con Corral\nantes de las PASO que tendr\u00e1n lugar el pr\u00f3ximo domingo, luego del cruce entre\nElisa Carri\u00f3 y el candidato a gobernador del actual oficialismo provincial,\nAntonio Bonfatti.<\/p>\n\n\n\n<p>Macri tiene previsto arribar al aer\u00f3dromo de Venado Tuerto\njunto al ministro del Interior, Rogelio Frigerio, y de all\u00ed partir hacia el\nfrigor\u00edfico de Hughes para luego regresar a la primera ciudad a inaugurar\nobras.<\/p>\n\n\n\n<p>Los comicios provinciales de esa provincia est\u00e1n convocadas\npara el 16 de junio, en tanto que este domingo solo el peronismo definir\u00e1 su\ncandidato a gobernador en las PASO entre los precandidatos Omar Perotti y Mar\u00eda\nEugenia Bielsa, Corral ser\u00e1 el \u00fanico postulante de Cambiemos y Bonfatti por el\nsocialismo.<\/p>\n\n\n\n<p>El jefe de Gabinete, Marcos Pe\u00f1a, se refiri\u00f3 este martes a\nlas recorridas de Macri e indic\u00f3 que el presidente &#8220;seguir\u00e1 visitando\ntodos los d\u00edas casas de familia escuchando y entendiendo sus dificultades&#8221;\nen su tarea de &#8220;representar la demanda de cambio&#8221;.<\/p>\n\n\n\n<p>En di\u00e1logo con una radio santafesina, el funcionario reiter\u00f3\nel argumento del &#8220;combate frontal&#8221; que el Gobierno postula contra el\nnarcotr\u00e1fico y la inseguridad, problemas que castigan severamente a esa\nprovincia.<\/p>\n","protected":false},"excerpt":{"rendered":"<p>Tras la seguidilla de traspi\u00e9s electorales que viene sufriendo en las distintas provincias, el jefe de Estado viaja para dar su respaldo a Jos\u00e9 Corral Mauricio Macri llega esta mi\u00e9rcoles a la provincia de Santa Fe para manifestar su apoyo al candidato a gobernador de Cambiemos, el radical Jos\u00e9 Corral, con quien realizar\u00e1 diversas actividades. De este modo, el primer mandatario se mostrar\u00e1 con Corral antes de las PASO que tendr\u00e1n lugar el pr\u00f3ximo domingo, luego del cruce entre Elisa Carri\u00f3 y el candidato a gobernador del actual oficialismo provincial,&#8230;<\/p>\n","protected":false},"author":3,"featured_media":43962,"comment_status":"closed","ping_status":"closed","sticky":false,"template":"","format":"standard","meta":[],"categories":[18],"tags":[],"_links":{"self":[{"href":"https:\/\/www.actualidadadiario.com\/index.php\/wp-json\/wp\/v2\/posts\/43961"}],"collection":[{"href":"https:\/\/www.actualidadadiario.com\/index.php\/wp-json\/wp\/v2\/posts"}],"about":[{"href":"https:\/\/www.actualidadadiario.com\/index.php\/wp-json\/wp\/v2\/types\/post"}],"author":[{"embeddable":true,"href":"https:\/\/www.actualidadadiario.com\/index.php\/wp-json\/wp\/v2\/users\/3"}],"replies":[{"embeddable":true,"href":"https:\/\/www.actualidadadiario.com\/index.php\/wp-json\/wp\/v2\/comments?post=43961"}],"version-history":[{"count":1,"href":"https:\/\/www.actualidadadiario.com\/index.php\/wp-json\/wp\/v2\/posts\/43961\/revisions"}],"predecessor-version":[{"id":43963,"href":"https:\/\/www.actualidadadiario.com\/index.php\/wp-json\/wp\/v2\/posts\/43961\/revisions\/43963"}],"wp:featuredmedia":[{"embeddable":true,"href":"https:\/\/www.actualidadadiario.com\/index.php\/wp-json\/wp\/v2\/media\/43962"}],"wp:attachment":[{"href":"https:\/\/www.actualidadadiario.com\/index.php\/wp-json\/wp\/v2\/media?parent=43961"}],"wp:term":[{"taxonomy":"category","embeddable":true,"href":"https:\/\/www.actualidadadiario.com\/index.php\/wp-json\/wp\/v2\/categories?post=43961"},{"taxonomy":"post_tag","embeddable":true,"href":"https:\/\/www.actualidadadiario.com\/index.php\/wp-json\/wp\/v2\/tags?post=43961"}],"curies":[{"name":"wp","href":"https:\/\/api.w.org\/{rel}","templated":true}]}}