{"id":43959,"date":"2019-04-24T13:52:37","date_gmt":"2019-04-24T16:52:37","guid":{"rendered":"https:\/\/www.actualidadadiario.com\/?p=43959"},"modified":"2019-05-06T20:54:40","modified_gmt":"2019-05-06T23:54:40","slug":"el-peronismo-pedira-veedores-internacionales-para-las-primarias","status":"publish","type":"post","link":"https:\/\/www.actualidadadiario.com\/index.php\/2019\/04\/24\/el-peronismo-pedira-veedores-internacionales-para-las-primarias\/","title":{"rendered":"El peronismo pedir\u00e1 veedores internacionales para las primarias"},"content":{"rendered":"\n<p><strong><em>Ir\u00e1 a la Corte Interamericana si no tiene respuestas del Gobierno<\/em><\/strong><\/p>\n\n\n\n<p><\/p>\n\n\n\n<p><\/p>\n\n\n\n<p>El PJ nacional amenaz\u00f3 con acudir a la Corte Interamericana\nde Derechos Humanos (CIDH) para que designe veedores internacionales que\nfiscalicen las elecciones Primarias Abiertas y las generales en caso de que el\ngobierno no ofrezca las garant\u00edas correspondientes ante la utilizaci\u00f3n de un\nnuevo sistema de recuento provisional electoral.<\/p>\n\n\n\n<p>El pasado 9 de abril, el apoderado del justicialismo, Jorge\nLandau, realiz\u00f3 una presentaci\u00f3n ante la Secretar\u00eda de Asuntos Pol\u00edticos e\nInstitucionales del Ministerio del Interior a cargo de Adri\u00e1n P\u00e9rez,\nsolicitando informaci\u00f3n t\u00e9cnica detallada respecto al equipamiento y al software\nde transmisi\u00f3n contratado para ser utilizados durante las elecciones Primarias\nAbiertas a celebrarse el 11 de agosto y en los comicios Generales del 27 de\noctubre pr\u00f3ximo, y solicit\u00f3 adem\u00e1s, la realizaci\u00f3n de una prueba operativa\npiloto de todo el sistema desde una escuela, entre otros \u00edtems.<\/p>\n\n\n\n<p>Fue ante la falta de respuesta por parte del Gobierno\nnacional que en la tarde de ayer, Landau volvi\u00f3 a reiterar el pedido de pronto\ndespacho a esa notificaci\u00f3n.<\/p>\n\n\n\n<p>Cabe recordar que mediante una cuestionada licitaci\u00f3n, el\nGobierno contrat\u00f3 a la pol\u00e9mica firma venezolana Smartmatic International\nHolding para que se encargue de aportar el software para la transmisi\u00f3n digital\nde los datos provisorios de las urnas en las elecciones de 2019.<\/p>\n\n\n\n<p>&#8220;Veremos qu\u00e9 es lo que el gobierno responde a nuestro\npedido y si las cosas est\u00e1n claras, no habr\u00e1 problemas, pero como el accionar\ndel Ejecutivo nacional est\u00e1 plagado de situaciones poco claras, si no le otorga\ntransparencia a los comicios, vamos a pedir la presencia de veedores\ninternacionales&#8221;, se\u00f1al\u00f3 Landau ante la consulta de BAE Negocios.<\/p>\n\n\n\n<p>Pero adem\u00e1s, el PJ nacional est\u00e1 analizando hacer en los\npr\u00f3ximos d\u00edas una presentaci\u00f3n ante el Juzgado Federal N\u00ba 1 con competencia\nelectoral, a cargo de Mar\u00eda Romilda Servini, pidiendo la inconstitucionalidad y\nposterior derogaci\u00f3n, del decreto 259\/19 firmado por el presidente Mauricio\nMacri mediante el cual elimin\u00f3 las listas colectoras por considerar que\ngeneraban &#8220;confusi\u00f3n en el electorado&#8221;.<\/p>\n\n\n\n<p>Otro tema que el peronismo tiene pendiente en el juzgado de\nServini, es el referido al pedido de inconstitucionalidad y derogaci\u00f3n del\ndecreto 45\/2019 mediante el cual el Gobierno habilit\u00f3 la posibilidad de que los\nargentinos residentes en el extranjero puedan votar por correo.<\/p>\n\n\n\n<p>&#8220;Ah\u00ed lo que cuestionamos es que no haya presencia de\nautoridades de mesa cuando se emite ese sufragio, lo que los partidos pol\u00edticos\nconsideramos como irregular&#8221;, se\u00f1al\u00f3 Landau, quien agreg\u00f3 que todos estos\ncambios se llevaron adelante sin la participaci\u00f3n del Congreso y en a\u00f1o\nelectoral, algo que las normas vigentes proh\u00edben.<\/p>\n","protected":false},"excerpt":{"rendered":"<p>Ir\u00e1 a la Corte Interamericana si no tiene respuestas del Gobierno El PJ nacional amenaz\u00f3 con acudir a la Corte Interamericana de Derechos Humanos (CIDH) para que designe veedores internacionales que fiscalicen las elecciones Primarias Abiertas y las generales en caso de que el gobierno no ofrezca las garant\u00edas correspondientes ante la utilizaci\u00f3n de un nuevo sistema de recuento provisional electoral. El pasado 9 de abril, el apoderado del justicialismo, Jorge Landau, realiz\u00f3 una presentaci\u00f3n ante la Secretar\u00eda de Asuntos Pol\u00edticos e Institucionales del Ministerio del Interior a cargo de&#8230;<\/p>\n","protected":false},"author":3,"featured_media":43192,"comment_status":"closed","ping_status":"closed","sticky":false,"template":"","format":"standard","meta":[],"categories":[18],"tags":[],"_links":{"self":[{"href":"https:\/\/www.actualidadadiario.com\/index.php\/wp-json\/wp\/v2\/posts\/43959"}],"collection":[{"href":"https:\/\/www.actualidadadiario.com\/index.php\/wp-json\/wp\/v2\/posts"}],"about":[{"href":"https:\/\/www.actualidadadiario.com\/index.php\/wp-json\/wp\/v2\/types\/post"}],"author":[{"embeddable":true,"href":"https:\/\/www.actualidadadiario.com\/index.php\/wp-json\/wp\/v2\/users\/3"}],"replies":[{"embeddable":true,"href":"https:\/\/www.actualidadadiario.com\/index.php\/wp-json\/wp\/v2\/comments?post=43959"}],"version-history":[{"count":1,"href":"https:\/\/www.actualidadadiario.com\/index.php\/wp-json\/wp\/v2\/posts\/43959\/revisions"}],"predecessor-version":[{"id":43960,"href":"https:\/\/www.actualidadadiario.com\/index.php\/wp-json\/wp\/v2\/posts\/43959\/revisions\/43960"}],"wp:featuredmedia":[{"embeddable":true,"href":"https:\/\/www.actualidadadiario.com\/index.php\/wp-json\/wp\/v2\/media\/43192"}],"wp:attachment":[{"href":"https:\/\/www.actualidadadiario.com\/index.php\/wp-json\/wp\/v2\/media?parent=43959"}],"wp:term":[{"taxonomy":"category","embeddable":true,"href":"https:\/\/www.actualidadadiario.com\/index.php\/wp-json\/wp\/v2\/categories?post=43959"},{"taxonomy":"post_tag","embeddable":true,"href":"https:\/\/www.actualidadadiario.com\/index.php\/wp-json\/wp\/v2\/tags?post=43959"}],"curies":[{"name":"wp","href":"https:\/\/api.w.org\/{rel}","templated":true}]}}